{"id":37470,"date":"2022-06-04T14:30:00","date_gmt":"2022-06-04T17:30:00","guid":{"rendered":"https:\/\/tvc16.com\/portal\/?p=37470"},"modified":"2022-06-03T23:42:13","modified_gmt":"2022-06-04T02:42:13","slug":"reflorescer-petropolis-responsabilidade-ambiental-e-um-dever-de-todos-em-cartaz-ate-10-de-junho-com-entrada-franca","status":"publish","type":"post","link":"https:\/\/tvc16.com\/portal\/2022\/06\/04\/reflorescer-petropolis-responsabilidade-ambiental-e-um-dever-de-todos-em-cartaz-ate-10-de-junho-com-entrada-franca\/","title":{"rendered":"&#8220;Reflorescer Petr\u00f3polis &#8211; responsabilidade ambiental \u00e9 um dever de todos&#8221; em cartaz at\u00e9 10 de junho com entrada franca."},"content":{"rendered":"\n<p><em>Agora \u00e9 a vez do Posto de Sa\u00fade do Amazonas receber a exposi\u00e7\u00e3o<\/em><\/p>\n\n\n\n<p>A mostra faz parte da campanha de comunica\u00e7\u00e3o co-criada por lideran\u00e7as comunit\u00e1rias petropolitanas que participaram do Fala Tu &#8211; curso de forma\u00e7\u00e3o em comunica\u00e7\u00e3o comunit\u00e1ria, promovido pela Fiocruz Petr\u00f3polis em parceria com a institui\u00e7\u00e3o carioca Observat\u00f3rio de Favelas.<\/p>\n\n\n\n<figure class=\"wp-block-image size-large\"><img loading=\"lazy\" decoding=\"async\" width=\"1024\" height=\"1024\" src=\"https:\/\/tvc16.com\/portal\/wp-content\/uploads\/2022\/06\/reflorecer-1024x1024.jpg\" alt=\"\" class=\"wp-image-37473\" srcset=\"https:\/\/tvc16.com\/portal\/wp-content\/uploads\/2022\/06\/reflorecer-1024x1024.jpg 1024w, https:\/\/tvc16.com\/portal\/wp-content\/uploads\/2022\/06\/reflorecer-300x300.jpg 300w, https:\/\/tvc16.com\/portal\/wp-content\/uploads\/2022\/06\/reflorecer-150x150.jpg 150w, https:\/\/tvc16.com\/portal\/wp-content\/uploads\/2022\/06\/reflorecer-768x768.jpg 768w, https:\/\/tvc16.com\/portal\/wp-content\/uploads\/2022\/06\/reflorecer.jpg 1080w\" sizes=\"auto, (max-width: 1024px) 100vw, 1024px\" \/><\/figure>\n\n\n\n<p>A campanha tem o objetivo de fomentar o debate e conscientizar os moradores de Petr\u00f3polis sobre a import\u00e2ncia de atuar no presente em prol da Justi\u00e7a Ambiental.<\/p>\n\n\n\n<p>Lan\u00e7ada no F\u00f3rum Itabora\u00ed em 14 de maio, a exposi\u00e7\u00e3o \u00e9 itinerante e re\u00fane banners com mensagens e chamados para a a\u00e7\u00e3o coletiva e v\u00eddeos que retratam depoimentos de moradores dos cinco distritos petropolitanos sobre o desenvolvimento sustent\u00e1vel.<\/p>\n","protected":false},"excerpt":{"rendered":"<p>Agora \u00e9 a vez do Posto de Sa\u00fade do Amazonas receber a exposi\u00e7\u00e3o A mostra<\/p>\n","protected":false},"author":2,"featured_media":37471,"comment_status":"open","ping_status":"open","sticky":false,"template":"","format":"standard","meta":{"footnotes":""},"categories":[12,21,13],"tags":[],"class_list":["post-37470","post","type-post","status-publish","format-standard","has-post-thumbnail","hentry","category-cidade","category-cultura","category-saude"],"_links":{"self":[{"href":"https:\/\/tvc16.com\/portal\/wp-json\/wp\/v2\/posts\/37470","targetHints":{"allow":["GET"]}}],"collection":[{"href":"https:\/\/tvc16.com\/portal\/wp-json\/wp\/v2\/posts"}],"about":[{"href":"https:\/\/tvc16.com\/portal\/wp-json\/wp\/v2\/types\/post"}],"author":[{"embeddable":true,"href":"https:\/\/tvc16.com\/portal\/wp-json\/wp\/v2\/users\/2"}],"replies":[{"embeddable":true,"href":"https:\/\/tvc16.com\/portal\/wp-json\/wp\/v2\/comments?post=37470"}],"version-history":[{"count":2,"href":"https:\/\/tvc16.com\/portal\/wp-json\/wp\/v2\/posts\/37470\/revisions"}],"predecessor-version":[{"id":37474,"href":"https:\/\/tvc16.com\/portal\/wp-json\/wp\/v2\/posts\/37470\/revisions\/37474"}],"wp:featuredmedia":[{"embeddable":true,"href":"https:\/\/tvc16.com\/portal\/wp-json\/wp\/v2\/media\/37471"}],"wp:attachment":[{"href":"https:\/\/tvc16.com\/portal\/wp-json\/wp\/v2\/media?parent=37470"}],"wp:term":[{"taxonomy":"category","embeddable":true,"href":"https:\/\/tvc16.com\/portal\/wp-json\/wp\/v2\/categories?post=37470"},{"taxonomy":"post_tag","embeddable":true,"href":"https:\/\/tvc16.com\/portal\/wp-json\/wp\/v2\/tags?post=37470"}],"curies":[{"name":"wp","href":"https:\/\/api.w.org\/{rel}","templated":true}]}}