{"id":37481,"date":"2022-06-04T08:40:00","date_gmt":"2022-06-04T11:40:00","guid":{"rendered":"https:\/\/tvc16.com\/portal\/?p=37481"},"modified":"2022-06-04T00:00:08","modified_gmt":"2022-06-04T03:00:08","slug":"teresopolis-realiza-dia-d-contra-influenza-e-sarampo-neste-sabado","status":"publish","type":"post","link":"https:\/\/tvc16.com\/portal\/2022\/06\/04\/teresopolis-realiza-dia-d-contra-influenza-e-sarampo-neste-sabado\/","title":{"rendered":"Teres\u00f3polis realiza Dia \u201cD\u201d contra Influenza e Sarampo, neste s\u00e1bado\u00a0"},"content":{"rendered":"\n<p><strong><em>Atendimento ocorre de 9h \u00e0s 16h, em unidades de sa\u00fade e outros locais<\/em><\/strong><\/p>\n\n\n\n<p>Neste s\u00e1bado (4), a Prefeitura Municipal de Teres\u00f3polis, junto \u00e0 Secretaria Municipal de Sa\u00fade, ir\u00e1 realizar o Dia \u201cD\u201d da Campanha Nacional de Vacina\u00e7\u00e3o contra Influenza e Sarampo. Voltada para o p\u00fablico-alvo da primeira e segunda fase da campanha, a vacina\u00e7\u00e3o ocorrer\u00e1 em unidades de sa\u00fade da cidade e interior.<\/p>\n\n\n\n<p>Poder\u00e3o buscar atendimento pessoas que fazem parte dos seguintes grupos: idosos acima de 60 anos, trabalhadores da sa\u00fade, crian\u00e7as de 6 meses a menores de 5 anos, gestantes, pu\u00e9rperas at\u00e9 45 dias ap\u00f3s o parto, professores, pessoas com comorbidades, caminhoneiros, trabalhadores de transporte coletivo, for\u00e7as de seguran\u00e7a, for\u00e7as de salvamento, for\u00e7as armadas e pessoas com defici\u00eancia.<\/p>\n\n\n\n<p>O atendimento acontecer\u00e1 de 9h \u00e0s 16h nas unidades de sa\u00fade dos seguintes locais: Barra, Beira Linha, Fazenda Ermitage, Fonte Santa, Meudon, Ros\u00e1rio, Vargem Grande, Venda Nova, \u00c1gua Quente, Albuquerque, Bonsucesso, Pessegueiros e Vieira.<\/p>\n\n\n\n<p>Tamb\u00e9m haver\u00e1 aplica\u00e7\u00f5es na Feirinha do Alto, pra\u00e7a Nilo Pe\u00e7anha (Alto), Centro Materno Infantil (CMI) e no Centro de Sa\u00fade \u2013 CES (V\u00e1rzea).<\/p>\n","protected":false},"excerpt":{"rendered":"<p>Atendimento ocorre de 9h \u00e0s 16h, em unidades de sa\u00fade e outros locais Neste s\u00e1bado<\/p>\n","protected":false},"author":2,"featured_media":0,"comment_status":"open","ping_status":"open","sticky":false,"template":"","format":"standard","meta":{"footnotes":""},"categories":[17,13],"tags":[],"class_list":["post-37481","post","type-post","status-publish","format-standard","hentry","category-outras-noticias","category-saude"],"_links":{"self":[{"href":"https:\/\/tvc16.com\/portal\/wp-json\/wp\/v2\/posts\/37481","targetHints":{"allow":["GET"]}}],"collection":[{"href":"https:\/\/tvc16.com\/portal\/wp-json\/wp\/v2\/posts"}],"about":[{"href":"https:\/\/tvc16.com\/portal\/wp-json\/wp\/v2\/types\/post"}],"author":[{"embeddable":true,"href":"https:\/\/tvc16.com\/portal\/wp-json\/wp\/v2\/users\/2"}],"replies":[{"embeddable":true,"href":"https:\/\/tvc16.com\/portal\/wp-json\/wp\/v2\/comments?post=37481"}],"version-history":[{"count":1,"href":"https:\/\/tvc16.com\/portal\/wp-json\/wp\/v2\/posts\/37481\/revisions"}],"predecessor-version":[{"id":37482,"href":"https:\/\/tvc16.com\/portal\/wp-json\/wp\/v2\/posts\/37481\/revisions\/37482"}],"wp:attachment":[{"href":"https:\/\/tvc16.com\/portal\/wp-json\/wp\/v2\/media?parent=37481"}],"wp:term":[{"taxonomy":"category","embeddable":true,"href":"https:\/\/tvc16.com\/portal\/wp-json\/wp\/v2\/categories?post=37481"},{"taxonomy":"post_tag","embeddable":true,"href":"https:\/\/tvc16.com\/portal\/wp-json\/wp\/v2\/tags?post=37481"}],"curies":[{"name":"wp","href":"https:\/\/api.w.org\/{rel}","templated":true}]}}