{"id":37483,"date":"2022-06-04T16:30:00","date_gmt":"2022-06-04T19:30:00","guid":{"rendered":"https:\/\/tvc16.com\/portal\/?p=37483"},"modified":"2022-06-04T00:15:26","modified_gmt":"2022-06-04T03:15:26","slug":"oficinas-gratuitas-do-projeto-danca-coisada-acontecem-neste-domingo-e-em-12-06-na-casa-de-cultura","status":"publish","type":"post","link":"https:\/\/tvc16.com\/portal\/2022\/06\/04\/oficinas-gratuitas-do-projeto-danca-coisada-acontecem-neste-domingo-e-em-12-06-na-casa-de-cultura\/","title":{"rendered":"Oficinas gratuitas do Projeto &#8220;Dan\u00e7a Coisada&#8221; acontecem neste domingo e em 12\/06 na Casa de Cultura"},"content":{"rendered":"\n<p><strong><em>Artistas e interessados a partir de 16 anos podem se inscrever pela internet<\/em><\/strong><\/p>\n\n\n\n<p>Neste domingo e em 12 de Junho, das 14h \u00e0s 16h30, na Casa de Cultura Adolpho Bloch, em Araras, a bailarina professora e pesquisadora Fernanda Nicolini estar\u00e1 facilitando as oficinas gratuitas \u2018Dan\u00e7a Coisada\u2019. O projeto tem patroc\u00ednio da Secretaria de Estado de Cultura e Economia Criativa do Rio de Janeiro, atrav\u00e9s do Edital Cultura Presente nas Redes 2.<\/p>\n\n\n\n<p>S\u00e3o 20 vagas dispon\u00edveis por dia de oficina. Artistas e interessados em geral a partir de 16 anos podem se inscrever para um ou dois dias. As inscri\u00e7\u00f5es, somente antecipadas, devem ser feitas no endere\u00e7o&nbsp;<a href=\"https:\/\/fenicolini.wixsite.com\/oficinacoisada\" target=\"_blank\" rel=\"noreferrer noopener\">https:\/\/fenicolini.wixsite.<wbr>com\/oficinacoisada<\/a>.<\/p>\n\n\n\n<p>As oficinas trabalham a dan\u00e7a a partir de est\u00edmulos percebidos em objetos cotidianos, estabelecendo um olhar mais po\u00e9tico e respeitoso sobre as coisas ao nosso redor. Ser\u00e3o propostos exerc\u00edcios de experimenta\u00e7\u00e3o criativa e dan\u00e7ada em jogos de improvisa\u00e7\u00e3o, exerc\u00edcios de aten\u00e7\u00e3o aos materiais e ao pr\u00f3prio corpo dos participantes, sensa\u00e7\u00f5es e mem\u00f3rias. Este projeto \u00e9 ligado \u00e0 pesquisa OBJETOSUJEITOBJETO, premiada pela Associa\u00e7\u00e3o Nacional dos Pesquisadores em Dan\u00e7a \u2013 ANDA\/BR em 2021.<\/p>\n\n\n\n<p><strong>SERVI\u00c7O<\/strong><\/p>\n\n\n\n<p><strong>\u2022Oficinas gratuitas Dan\u00e7a Coisada<\/strong><\/p>\n\n\n\n<p>Dias: Domingos 05 e 12 de Junho<\/p>\n\n\n\n<p>Hora: 14h \u00e0s 16h30<\/p>\n\n\n\n<p>Local: Casa de Cultura Adolpho Bloch (Pra\u00e7a Juscelino Kubitschek, Araras)<\/p>\n\n\n\n<p>Artistas e interessados a partir de 16 anos<\/p>\n\n\n\n<h5 class=\"wp-block-heading\">Inscri\u00e7\u00f5es antecipadas \u2013 20 vagas:&nbsp;<a href=\"https:\/\/fenicolini.wixsite.com\/oficinacoisada\" target=\"_blank\" rel=\"noreferrer noopener\">https:\/\/fenicolini.wixsite.<wbr>com\/oficinacoisada<\/a><\/h5>\n","protected":false},"excerpt":{"rendered":"<p>Artistas e interessados a partir de 16 anos podem se inscrever pela internet Neste domingo<\/p>\n","protected":false},"author":2,"featured_media":37484,"comment_status":"open","ping_status":"open","sticky":false,"template":"","format":"standard","meta":{"footnotes":""},"categories":[21,17],"tags":[],"class_list":["post-37483","post","type-post","status-publish","format-standard","has-post-thumbnail","hentry","category-cultura","category-outras-noticias"],"_links":{"self":[{"href":"https:\/\/tvc16.com\/portal\/wp-json\/wp\/v2\/posts\/37483","targetHints":{"allow":["GET"]}}],"collection":[{"href":"https:\/\/tvc16.com\/portal\/wp-json\/wp\/v2\/posts"}],"about":[{"href":"https:\/\/tvc16.com\/portal\/wp-json\/wp\/v2\/types\/post"}],"author":[{"embeddable":true,"href":"https:\/\/tvc16.com\/portal\/wp-json\/wp\/v2\/users\/2"}],"replies":[{"embeddable":true,"href":"https:\/\/tvc16.com\/portal\/wp-json\/wp\/v2\/comments?post=37483"}],"version-history":[{"count":1,"href":"https:\/\/tvc16.com\/portal\/wp-json\/wp\/v2\/posts\/37483\/revisions"}],"predecessor-version":[{"id":37485,"href":"https:\/\/tvc16.com\/portal\/wp-json\/wp\/v2\/posts\/37483\/revisions\/37485"}],"wp:featuredmedia":[{"embeddable":true,"href":"https:\/\/tvc16.com\/portal\/wp-json\/wp\/v2\/media\/37484"}],"wp:attachment":[{"href":"https:\/\/tvc16.com\/portal\/wp-json\/wp\/v2\/media?parent=37483"}],"wp:term":[{"taxonomy":"category","embeddable":true,"href":"https:\/\/tvc16.com\/portal\/wp-json\/wp\/v2\/categories?post=37483"},{"taxonomy":"post_tag","embeddable":true,"href":"https:\/\/tvc16.com\/portal\/wp-json\/wp\/v2\/tags?post=37483"}],"curies":[{"name":"wp","href":"https:\/\/api.w.org\/{rel}","templated":true}]}}