{"id":37486,"date":"2022-06-04T10:16:00","date_gmt":"2022-06-04T13:16:00","guid":{"rendered":"https:\/\/tvc16.com\/portal\/?p=37486"},"modified":"2022-06-04T00:22:51","modified_gmt":"2022-06-04T03:22:51","slug":"prefeitura-de-teresopolis-inicia-fase-de-entrevistas-com-jovens-para-novo-promaj","status":"publish","type":"post","link":"https:\/\/tvc16.com\/portal\/2022\/06\/04\/prefeitura-de-teresopolis-inicia-fase-de-entrevistas-com-jovens-para-novo-promaj\/","title":{"rendered":"Prefeitura de Teres\u00f3polis inicia fase de entrevistas com jovens para Novo Promaj"},"content":{"rendered":"\n<p><strong>Inscri\u00e7\u00f5es para o programa de inser\u00e7\u00e3o no mercado de trabalho e capacita\u00e7\u00e3o profissional seguem abertas<\/strong><\/p>\n\n\n\n<p>A Prefeitura de Teres\u00f3polis iniciou nesta sexta-feira, 3, na Casa do Trabalhador, no bairro de S\u00e3o Pedro, a fase de entrevistas com cerca de 60 jovens, e, em caso de menores de idade, juntamente com os respons\u00e1veis, para andamento da sele\u00e7\u00e3o e contrata\u00e7\u00e3o para o Novo Promaj \u2013 Programa de Atendimento ao Jovem. Ap\u00f3s avalia\u00e7\u00e3o e valida\u00e7\u00e3o da Comiss\u00e3o Avaliadora, formada por t\u00e9cnicos do CIEDS (Centro Integrado de Estudos e Programas de Desenvolvimento Sustent\u00e1vel), vir\u00e3o a formaliza\u00e7\u00e3o dos Termos de Contrato de Trabalho, anota\u00e7\u00f5es na Carteira de Trabalho, lan\u00e7amentos no eSocial e in\u00edcio das atividades.<\/p>\n\n\n\n<p>A assinatura da Carteira de Trabalho garante todos os direitos trabalhistas, tais como, FGTS, f\u00e9rias, 13\u00ba sal\u00e1rio, Seguro de Vida Coletivo, Aviso Pr\u00e9vio e Rescis\u00e3o. As inscri\u00e7\u00f5es para o programa podem ser feitas por meio do link&nbsp;<a href=\"https:\/\/bit.ly\/PROMAJ\">https:\/\/bit.ly\/PROMAJ<\/a>&nbsp;e&nbsp;permanecer\u00e3o abertas at\u00e9 a finaliza\u00e7\u00e3o do projeto.<\/p>\n\n\n\n<p>Francielle de Freitas Pellegrine, de 20 anos, foi selecionada para a fase de entrevistas do programa. \u201cEstou muito feliz porque o Novo Promaj traz a oportunidade que eu estava buscando para ingressar no mercado de trabalho. Vou ter uma renda e poder ajudar nas contas em casa tamb\u00e9m. \u00c9 um projeto maravilhoso!\u201d. Yago Silva Machado, de 22 anos, tamb\u00e9m comemorou. \u201cTenho certeza de que vai ser uma experi\u00eancia incr\u00edvel pra mim. Com essa chance, meu futuro vai ser bem melhor!\u201d.<\/p>\n\n\n\n<p>O Novo Promaj faz parte do Programa \u2018Pra Cima Ter\u00ea\u2019, de Recupera\u00e7\u00e3o Econ\u00f4mica e Gera\u00e7\u00e3o de Emprego, e est\u00e1 inserida no eixo \u2018Emprega Ter\u00ea\u2019. Outros benef\u00edcios do programa s\u00e3o a melhoria do ordenamento e a democratiza\u00e7\u00e3o do uso das vagas de estacionamento, com a isen\u00e7\u00e3o de pagamento pelos primeiros 15 minutos para maior rotatividade, facilitando o acesso ao com\u00e9rcio local.<\/p>\n\n\n\n<p>A previs\u00e3o da dura\u00e7\u00e3o da participa\u00e7\u00e3o do jovem no projeto \u00e9 de dois anos, com o percurso formativo dividido em dois ciclos (te\u00f3rico e pr\u00e1tico): forma\u00e7\u00e3o te\u00f3rica com carga hor\u00e1ria total de 636 horas de forma\u00e7\u00e3o; e forma\u00e7\u00e3o pr\u00e1tica, com carga hor\u00e1ria total de 2.244 horas, realizadas em uma jornada total de 30 horas semanais.<\/p>\n\n\n\n<p>Nesta edi\u00e7\u00e3o, ser\u00e3o disponibilizadas 288 vagas para jovens atuarem como Novo Promaj em forma\u00e7\u00e3o te\u00f3rica e pr\u00e1tica em gest\u00e3o p\u00fablica no atendimento ao Estacionamento Rotativo, as Secretarias Municipais, nos espa\u00e7os de atividades da gest\u00e3o p\u00fablica e nas unidades escolares da cidade.<\/p>\n\n\n\n<p>As vagas est\u00e3o distribu\u00eddas em tr\u00eas modalidades: 55 vagas referentes ao&nbsp;<strong>Novo Promaj Rotativo<\/strong>&nbsp;\u2013 Gest\u00e3o e Atendimento ao cliente, tendo in\u00edcio previsto na primeira quinzena de junho de 2022; 45 vagas referentes ao&nbsp;<strong>Novo Promaj Gest\u00e3o P\u00fablica<\/strong>, tendo in\u00edcio previsto na segunda quinzena de junho de 2022; e 188 vagas referentes ao&nbsp;<strong>Novo Promaj Educa\u00e7\u00e3o<\/strong>, tendo in\u00edcio previsto na primeira quinzena de agosto de 2022.<\/p>\n\n\n\n<p>Os jovens atuar\u00e3o por um per\u00edodo m\u00e1ximo de 2 anos nos setores administrativos da Prefeitura e os maiores de 18 anos poder\u00e3o fazer parte do grupo de operadores do estacionamento rotativo. O diferencial do Novo Promaj em rela\u00e7\u00e3o ao antigo \u00e9 a oferta de cursos de qualifica\u00e7\u00e3o t\u00e9cnica permanente, a fim de prepar\u00e1-los para o mercado de trabalho quando se desligarem do programa.<\/p>\n\n\n\n<p>O programa ser\u00e1 financiado com a arrecada\u00e7\u00e3o do estacionamento rotativo, que ser\u00e1 implantado em v\u00e1rios pontos da cidade. A iniciativa tamb\u00e9m atende a uma mo\u00e7\u00e3o do presidente do Legislativo, Vereador Leonardo Vasconcellos.<\/p>\n\n\n\n<p><strong>Direitos trabalhistas garantidos<\/strong><\/p>\n\n\n\n<p>Os jovens selecionados participar\u00e3o de um processo formativo te\u00f3rico presencial e remoto, bem como de forma\u00e7\u00e3o pr\u00e1tica em gest\u00e3o p\u00fablica no atendimento ao Estacionamento Rotativo, \u00e0s Secretarias Municipais, nos espa\u00e7os de atividades da gest\u00e3o p\u00fablica e nas unidades escolares de Teres\u00f3polis. Eles ter\u00e3o direito a registro na Carteira de Trabalho e Previd\u00eancia Social (CTPS) e seus respectivos benef\u00edcios e encargos sociais, no valor mensal de R$ 844,17 \u2013 proporcionais ao sal\u00e1rio m\u00ednimo considerando a carga hor\u00e1ria de 30 horas, al\u00e9m de aux\u00edlio transporte no valor mensal de R$ 193,60.<\/p>\n\n\n\n<p>O investimento mensal da Prefeitura ser\u00e1 de R$ 1.806,12 por jovem, que inclui a remunera\u00e7\u00e3o mensal e o vale-transporte, al\u00e9m de benef\u00edcios garantidos pela lei trabalhista, tais, como, FGTS, f\u00e9rias, 13\u00ba sal\u00e1rio, Seguro de Vida Coletivo, Aviso Pr\u00e9vio e Rescis\u00e3o. A forma\u00e7\u00e3o te\u00f3rico-profissional, com 2.880 horas de forma\u00e7\u00e3o, com toda a estrutura de apoio na forma\u00e7\u00e3o, como material did\u00e1tico, certificado de conclus\u00e3o do programa, unidade f\u00edsica de atendimento, plataforma EAD, assist\u00eancia social e administrativa, al\u00e9m de supervis\u00e3o t\u00e9cnica e coordena\u00e7\u00e3o geral e pedag\u00f3gica.<\/p>\n\n\n\n<p><strong>Cidadania e experi\u00eancia profissional<\/strong><\/p>\n\n\n\n<p>A Prefeitura de Teres\u00f3polis, por meio do Novo Promaj, visa fomentar o exerc\u00edcio da cidadania e oferecer oportunidade de experi\u00eancia profissional a adolescentes e jovens com idade entre 14 e 22 anos de fam\u00edlias inscritas no Cadastro \u00danico do Governo Federal.<\/p>\n\n\n\n<p>Entre os objetivos da iniciativa est\u00e3o: promover a inclus\u00e3o profissional e emancipa\u00e7\u00e3o de jovens teresopolitanos em situa\u00e7\u00e3o de vulnerabilidade atrav\u00e9s de orienta\u00e7\u00e3o profissional, forma\u00e7\u00e3o te\u00f3rica e pr\u00e1tica, mentoria e inser\u00e7\u00e3o no mercado de trabalho; desenvolver e\/ou potencializar aptid\u00f5es pessoais, caracter\u00edsticas empreendedoras e compet\u00eancias pessoais, t\u00e9cnicas e profissionais espec\u00edficas dos participantes nas \u00e1reas de forma\u00e7\u00e3o; contribuir para a aquisi\u00e7\u00e3o de saberes digitais essenciais para o mundo do trabalho contempor\u00e2neo e que apoiem na compreens\u00e3o do mundo digital; promover melhoria das suas condi\u00e7\u00f5es de empregabilidade e contribuir para o aumento da sua renda familiar; e estimular a pol\u00edtica de gera\u00e7\u00e3o de empregos previstas no Programa Estrat\u00e9gico de Fortalecimento da Economia e Gera\u00e7\u00e3o de Empregos \u2013 \u2018Pra Cima Ter\u00ea\u2019, no Eixo \u2018Emprega Ter\u00ea\u2019.<\/p>\n\n\n\n<p><strong>Para Participar:<\/strong><\/p>\n\n\n\n<p>Para participa\u00e7\u00e3o no Promaj, o candidato deve:<\/p>\n\n\n\n<p>\u2013 Possuir entre 14 (catorze) a 22 (vinte e dois) anos.<\/p>\n\n\n\n<p>(a) Os candidatos selecionados que possuam entre 14 e 16 anos, ser\u00e3o contratados na condi\u00e7\u00e3o de jovens aprendizes.<\/p>\n\n\n\n<p>(b) Os candidatos selecionados que possuam entre 16 e 22 anos ser\u00e3o contratados conforme provisionamento da Consolida\u00e7\u00e3o das Leis Trabalhistas.<\/p>\n\n\n\n<p>\u2013 N\u00e3o possuir emprego formal ativo.<\/p>\n\n\n\n<p>\u2013 Ser oriundos de fam\u00edlias inscritas no Cadastro \u00danico.<\/p>\n\n\n\n<p>\u2013 Para aqueles que possuem entre 14 e 16 anos \u00e9 necess\u00e1rio estar cursando os dois \u00faltimos anos do Ensino Fundamental 2 ou t\u00ea-lo conclu\u00eddo; para aqueles que possuam mais de 16 anos \u00e9 necess\u00e1rio ter ensino fundamental conclu\u00eddo, estar cursando ou ter conclu\u00eddo o Ensino M\u00e9dio.<\/p>\n\n\n\n<p>\u2013 Ser residente na cidade de Teres\u00f3polis h\u00e1 pelo menos tr\u00eas anos;<\/p>\n\n\n\n<p>\u2013 Possuir disponibilidade de 30 horas semanais para cumprir o processo formativo presencial e virtual pelo per\u00edodo de 24 meses.<\/p>\n\n\n\n<p>\u2013 Ser\u00e3o destinadas 3% das vagas aos jovens com defici\u00eancia comprovada por laudo m\u00e9dico e, preferencialmente, 50% das vagas para benefici\u00e1rios do sexo feminino e, preferencialmente, 50% das vagas para benefici\u00e1rios negros e pardos;<\/p>\n\n\n\n<p>A sele\u00e7\u00e3o dos candidatos ser\u00e1 feita em tr\u00eas fases: exclus\u00e3o das inscri\u00e7\u00f5es que n\u00e3o atendam aos crit\u00e9rios de participa\u00e7\u00e3o ou ainda os que n\u00e3o apresentarem a documenta\u00e7\u00e3o exigida; sele\u00e7\u00e3o dos jovens que ir\u00e3o para as entrevistas por meio de avalia\u00e7\u00e3o das respostas dadas ao question\u00e1rio; e entrevistas virtuais ou presenciais.<\/p>\n\n\n\n<p><strong>Cronograma:<\/strong><\/p>\n\n\n\n<p>Etapa 1. Inscri\u00e7\u00f5es <\/p>\n\n\n\n<p>Etapa 2. Convoca\u00e7\u00e3o dos selecionados para as entrevistas \u2013 via e-mail ou WhatsApp em at\u00e9 05 dias ap\u00f3s a avalia\u00e7\u00e3o e valida\u00e7\u00e3o da Comiss\u00e3o de Sele\u00e7\u00e3o.<\/p>\n\n\n\n<p>Etapa 3. Formaliza\u00e7\u00e3o dos Termos de Contrato de Trabalho, anota\u00e7\u00f5es na CTPS, lan\u00e7amentos no eSocial e in\u00edcio das atividades formativas em at\u00e9 10 dias ap\u00f3s a convoca\u00e7\u00e3o.<\/p>\n\n\n\n<p>D\u00favidas podem ser resolvidas pelo e-mail:&nbsp;<a href=\"mailto:promaj@cieds.org.br\">promaj@cieds.org.br<\/a><\/p>\n\n\n\n<p><strong>Fotos: Divulga\u00e7\u00e3o<\/strong><\/p>\n","protected":false},"excerpt":{"rendered":"<p>Inscri\u00e7\u00f5es para o programa de inser\u00e7\u00e3o no mercado de trabalho e capacita\u00e7\u00e3o profissional seguem abertas<\/p>\n","protected":false},"author":2,"featured_media":37487,"comment_status":"open","ping_status":"open","sticky":false,"template":"","format":"standard","meta":{"footnotes":""},"categories":[19,17],"tags":[],"class_list":["post-37486","post","type-post","status-publish","format-standard","has-post-thumbnail","hentry","category-educacao","category-outras-noticias"],"_links":{"self":[{"href":"https:\/\/tvc16.com\/portal\/wp-json\/wp\/v2\/posts\/37486","targetHints":{"allow":["GET"]}}],"collection":[{"href":"https:\/\/tvc16.com\/portal\/wp-json\/wp\/v2\/posts"}],"about":[{"href":"https:\/\/tvc16.com\/portal\/wp-json\/wp\/v2\/types\/post"}],"author":[{"embeddable":true,"href":"https:\/\/tvc16.com\/portal\/wp-json\/wp\/v2\/users\/2"}],"replies":[{"embeddable":true,"href":"https:\/\/tvc16.com\/portal\/wp-json\/wp\/v2\/comments?post=37486"}],"version-history":[{"count":1,"href":"https:\/\/tvc16.com\/portal\/wp-json\/wp\/v2\/posts\/37486\/revisions"}],"predecessor-version":[{"id":37488,"href":"https:\/\/tvc16.com\/portal\/wp-json\/wp\/v2\/posts\/37486\/revisions\/37488"}],"wp:featuredmedia":[{"embeddable":true,"href":"https:\/\/tvc16.com\/portal\/wp-json\/wp\/v2\/media\/37487"}],"wp:attachment":[{"href":"https:\/\/tvc16.com\/portal\/wp-json\/wp\/v2\/media?parent=37486"}],"wp:term":[{"taxonomy":"category","embeddable":true,"href":"https:\/\/tvc16.com\/portal\/wp-json\/wp\/v2\/categories?post=37486"},{"taxonomy":"post_tag","embeddable":true,"href":"https:\/\/tvc16.com\/portal\/wp-json\/wp\/v2\/tags?post=37486"}],"curies":[{"name":"wp","href":"https:\/\/api.w.org\/{rel}","templated":true}]}}