{"id":37489,"date":"2022-06-04T10:40:00","date_gmt":"2022-06-04T13:40:00","guid":{"rendered":"https:\/\/tvc16.com\/portal\/?p=37489"},"modified":"2022-06-04T00:31:48","modified_gmt":"2022-06-04T03:31:48","slug":"visitas-domiciliares-no-combate-a-dengue-aumentam-em-nova-friburgo","status":"publish","type":"post","link":"https:\/\/tvc16.com\/portal\/2022\/06\/04\/visitas-domiciliares-no-combate-a-dengue-aumentam-em-nova-friburgo\/","title":{"rendered":"Visitas domiciliares no Combate \u00e0 Dengue aumentam em Nova Friburgo"},"content":{"rendered":"\n<p>A Prefeitura de Nova Friburgo, atrav\u00e9s da Secretaria Municipal de Sa\u00fade e da Subsecretaria de Vigil\u00e2ncia em Sa\u00fade, vem realizando o trabalho no combate \u00e0 dengue. Com o aumento de nove para 38 agentes de combate \u00e0&nbsp;endemias, o n\u00famero de visitas domiciliares nos bairros do munic\u00edpio para o controle e preven\u00e7\u00e3o do aedes aegypti, mosquito transmissor de algumas arboviroses, cresceu nos \u00faltimos meses.&nbsp;<\/p>\n\n\n\n<p>Neste ano, em janeiro, 573 inspe\u00e7\u00f5es em resid\u00eancias foram realizadas. Em fevereiro 2.698, em mar\u00e7o 4.819, abril 7.469 e em maio 9.361. Os dados foram coletados pela Vigil\u00e2ncia em Sa\u00fade Ambiental. Os n\u00fameros mostram que, comparando o in\u00edcio de 2022 com o \u00faltimo m\u00eas, houve um aumento de 1.533% no n\u00famero de resid\u00eancias visitadas pelos agentes.&nbsp;<\/p>\n","protected":false},"excerpt":{"rendered":"<p>A Prefeitura de Nova Friburgo, atrav\u00e9s da Secretaria Municipal de Sa\u00fade e da Subsecretaria de<\/p>\n","protected":false},"author":2,"featured_media":37490,"comment_status":"open","ping_status":"open","sticky":false,"template":"","format":"standard","meta":{"footnotes":""},"categories":[17,13],"tags":[],"class_list":["post-37489","post","type-post","status-publish","format-standard","has-post-thumbnail","hentry","category-outras-noticias","category-saude"],"_links":{"self":[{"href":"https:\/\/tvc16.com\/portal\/wp-json\/wp\/v2\/posts\/37489","targetHints":{"allow":["GET"]}}],"collection":[{"href":"https:\/\/tvc16.com\/portal\/wp-json\/wp\/v2\/posts"}],"about":[{"href":"https:\/\/tvc16.com\/portal\/wp-json\/wp\/v2\/types\/post"}],"author":[{"embeddable":true,"href":"https:\/\/tvc16.com\/portal\/wp-json\/wp\/v2\/users\/2"}],"replies":[{"embeddable":true,"href":"https:\/\/tvc16.com\/portal\/wp-json\/wp\/v2\/comments?post=37489"}],"version-history":[{"count":3,"href":"https:\/\/tvc16.com\/portal\/wp-json\/wp\/v2\/posts\/37489\/revisions"}],"predecessor-version":[{"id":37494,"href":"https:\/\/tvc16.com\/portal\/wp-json\/wp\/v2\/posts\/37489\/revisions\/37494"}],"wp:featuredmedia":[{"embeddable":true,"href":"https:\/\/tvc16.com\/portal\/wp-json\/wp\/v2\/media\/37490"}],"wp:attachment":[{"href":"https:\/\/tvc16.com\/portal\/wp-json\/wp\/v2\/media?parent=37489"}],"wp:term":[{"taxonomy":"category","embeddable":true,"href":"https:\/\/tvc16.com\/portal\/wp-json\/wp\/v2\/categories?post=37489"},{"taxonomy":"post_tag","embeddable":true,"href":"https:\/\/tvc16.com\/portal\/wp-json\/wp\/v2\/tags?post=37489"}],"curies":[{"name":"wp","href":"https:\/\/api.w.org\/{rel}","templated":true}]}}