{"id":3749,"date":"2020-10-24T00:13:47","date_gmt":"2020-10-24T00:13:47","guid":{"rendered":"https:\/\/tvc16.com\/portal\/?p=3749"},"modified":"2020-10-24T00:13:47","modified_gmt":"2020-10-24T00:13:47","slug":"cinema-presente-na-praca-chega-a-itaborai-e-tangua-neste-final-de-semana","status":"publish","type":"post","link":"https:\/\/tvc16.com\/portal\/2020\/10\/24\/cinema-presente-na-praca-chega-a-itaborai-e-tangua-neste-final-de-semana\/","title":{"rendered":"Cinema Presente na Pra\u00e7a chega a Itabora\u00ed e Tangu\u00e1 neste final de semana"},"content":{"rendered":"\n<p><br>O Cinema Presente na Pra\u00e7a chega a mais duas cidades do estado do Rio no pr\u00f3ximo final de semana. No s\u00e1bado (24), a exibi\u00e7\u00e3o ser\u00e1 na Pra\u00e7a Itamar da Silva Junior, Centro de Itabora\u00ed, e, no domingo (25), ser\u00e1 a vez de Tangu\u00e1, com a estrutura montada no Campo do Pinh\u00e3o, na Rua Darci Ribeiro, 412. Ser\u00e3o duas sess\u00f5es nas cidades: \u00e0s 16h30 e \u00e0s 18h30, com os filmes &#8220;Turma da M\u00f4nica &#8211; La\u00e7os&#8221; e &#8220;Meus Quinze Anos&#8221;. Os eventos seguem r\u00edgidos protocolos de seguran\u00e7a durante a pandemia de Covid-19 (veja lista de exig\u00eancias no fim do texto).<\/p>\n\n\n\n<p>O projeto, que leva exibi\u00e7\u00f5es itinerantes e gratuitas de filmes nacionais a c\u00e9u aberto para 20 munic\u00edpios do estado do Rio, tem patroc\u00ednio da Enel e da Secretaria de Estado de Cultura e Economia Criativa do Rio (Sececrj), atrav\u00e9s da Lei Estadual de Incentivo \u00e0 Cultura. Nas \u00faltimas semanas, o Cinema Presente na Pra\u00e7a esteve em Arraial do Cabo e Duque de Caxias. Nos locais, \u00e9 montado um painel de LED com redu\u00e7\u00e3o de 75% de energia nas exibi\u00e7\u00f5es.<\/p>\n\n\n\n<figure class=\"wp-block-image size-large\"><img loading=\"lazy\" decoding=\"async\" width=\"1024\" height=\"677\" src=\"https:\/\/tvc16.com\/portal\/wp-content\/uploads\/2020\/10\/Cinema-Presente-na-Praca-chega-a-Itaborai-e-Tangua-neste-final-de-semana-2-1024x677.jpeg\" alt=\"\" class=\"wp-image-3756\" srcset=\"https:\/\/tvc16.com\/portal\/wp-content\/uploads\/2020\/10\/Cinema-Presente-na-Praca-chega-a-Itaborai-e-Tangua-neste-final-de-semana-2-1024x677.jpeg 1024w, https:\/\/tvc16.com\/portal\/wp-content\/uploads\/2020\/10\/Cinema-Presente-na-Praca-chega-a-Itaborai-e-Tangua-neste-final-de-semana-2-300x198.jpeg 300w, https:\/\/tvc16.com\/portal\/wp-content\/uploads\/2020\/10\/Cinema-Presente-na-Praca-chega-a-Itaborai-e-Tangua-neste-final-de-semana-2-768x508.jpeg 768w, https:\/\/tvc16.com\/portal\/wp-content\/uploads\/2020\/10\/Cinema-Presente-na-Praca-chega-a-Itaborai-e-Tangua-neste-final-de-semana-2.jpeg 1080w\" sizes=\"auto, (max-width: 1024px) 100vw, 1024px\" \/><\/figure>\n\n\n\n<p>&#8211; \u00c9 muito gratificante ver a alegria das pessoas em assistir a uma sess\u00e3o de cinema ao ar livre, com a cultura pulsando nas pra\u00e7as de diversos munic\u00edpios do Rio. Seguimos todos os protocolos de sa\u00fade, cuidando do cidad\u00e3o. O Cinema Presente na Pra\u00e7a consegue reunir pais e filhos, sendo um evento para toda a fam\u00edlia &#8211; afirmou a secret\u00e1ria de Estado de Cultura e Economia Criativa do Rio, Danielle Barros. O projeto \u00e9 certificado com o Selo Verde, pois opera com consumo consciente de energia e a preocupa\u00e7\u00e3o com todas as embalagens usadas na execu\u00e7\u00e3o.<\/p>\n\n\n\n<p><strong>Projetos incentivados<br><\/strong><br>Com a pandemia da Covid-19, a Sececrj agilizou os processos a fim de manter a cultura ativa em todo o estado. Em 2020, s\u00e3o 44 projetos com patroc\u00ednios, com valor aproximado de R$ 31,4 milh\u00f5es. Al\u00e9m disso, conforme a Lei 7.035\/2015, 1\/5 do total das aprova\u00e7\u00f5es \u00e9 destinado ao Fundo Estadual de Cultura, hoje com cerca de R$ 5,4 milh\u00f5es, sendo poss\u00edvel fomentar outros projetos como \u00e9 o caso do edital Cultura Presente nas Redes.<\/p>\n\n\n\n<p><strong>Protocolos de seguran\u00e7a para as sess\u00f5es do Cinema Presente na Pra\u00e7a, seguindo a OMS:<br><\/strong><br>&#8211; Todas as normas do Protocolo Internacional de Cinema;<br>&#8211; Distanciamento de 1 m entre as cadeiras;<br>&#8211; T\u00fanel de descontamina\u00e7\u00e3o na entrada do evento;<br>&#8211; Sanitiza\u00e7\u00e3o das cadeiras antes e entre cada sess\u00e3o;<br>&#8211; Uso obrigat\u00f3rio de \u00e1lcool gel antes das sess\u00f5es;<br>&#8211; Uso obrigat\u00f3rio de m\u00e1scara para todos os presentes.<\/p>\n\n\n\n<p><strong>Programa\u00e7\u00e3o nas cidades<\/strong><strong><br>Outubro<\/strong><\/p>\n\n\n\n<p>&#8211; Itabora\u00ed (24\/10\/2020)<br>&#8211; Tangu\u00e1 (25\/10\/2020)<br>&#8211; S\u00e3o Pedro de Aldeia (31\/10\/2020)<\/p>\n\n\n\n<p><strong>Novembro<\/strong><\/p>\n\n\n\n<p>&#8211; Cabo Frio (01\/11\/2020)<br>&#8211; B\u00fazios (02\/11\/2020)<br>&#8211; Casemiro de Abreu (07\/11\/2020)<br>&#8211; Silva Jardim (08\/11\/2020)<br>&#8211; Campos (21\/11\/2020)<br>&#8211; Maca\u00e9 (22\/11\/2020)<br>&#8211; S\u00e3o Jos\u00e9 do Rio Preto (28\/11\/2020)<br>&#8211; Areal (29\/11\/2020)<\/p>\n\n\n\n<p><strong>Dezembro<br><\/strong><br>&#8211; Bom Jesus de Itabapoana (05\/12\/2020)<br>&#8211; Bom Jardim (06\/12\/2020)<br>&#8211; S\u00e3o Ant\u00f4nio de P\u00e1dua (10\/12\/2020)<br>&#8211; Miracema (11\/12\/2020)<br>&#8211; S\u00e3o Jos\u00e9 de Ub\u00e1 (12\/12\/2020)<br>&#8211; Itaperuna (13\/12\/2020)<\/p>\n","protected":false},"excerpt":{"rendered":"<p>O Cinema Presente na Pra\u00e7a chega a mais duas cidades do estado do Rio no<\/p>\n","protected":false},"author":2,"featured_media":3750,"comment_status":"open","ping_status":"open","sticky":false,"template":"","format":"standard","meta":{"footnotes":""},"categories":[21],"tags":[],"class_list":["post-3749","post","type-post","status-publish","format-standard","has-post-thumbnail","hentry","category-cultura"],"_links":{"self":[{"href":"https:\/\/tvc16.com\/portal\/wp-json\/wp\/v2\/posts\/3749","targetHints":{"allow":["GET"]}}],"collection":[{"href":"https:\/\/tvc16.com\/portal\/wp-json\/wp\/v2\/posts"}],"about":[{"href":"https:\/\/tvc16.com\/portal\/wp-json\/wp\/v2\/types\/post"}],"author":[{"embeddable":true,"href":"https:\/\/tvc16.com\/portal\/wp-json\/wp\/v2\/users\/2"}],"replies":[{"embeddable":true,"href":"https:\/\/tvc16.com\/portal\/wp-json\/wp\/v2\/comments?post=3749"}],"version-history":[{"count":1,"href":"https:\/\/tvc16.com\/portal\/wp-json\/wp\/v2\/posts\/3749\/revisions"}],"predecessor-version":[{"id":3757,"href":"https:\/\/tvc16.com\/portal\/wp-json\/wp\/v2\/posts\/3749\/revisions\/3757"}],"wp:featuredmedia":[{"embeddable":true,"href":"https:\/\/tvc16.com\/portal\/wp-json\/wp\/v2\/media\/3750"}],"wp:attachment":[{"href":"https:\/\/tvc16.com\/portal\/wp-json\/wp\/v2\/media?parent=3749"}],"wp:term":[{"taxonomy":"category","embeddable":true,"href":"https:\/\/tvc16.com\/portal\/wp-json\/wp\/v2\/categories?post=3749"},{"taxonomy":"post_tag","embeddable":true,"href":"https:\/\/tvc16.com\/portal\/wp-json\/wp\/v2\/tags?post=3749"}],"curies":[{"name":"wp","href":"https:\/\/api.w.org\/{rel}","templated":true}]}}