{"id":37495,"date":"2022-06-05T09:00:00","date_gmt":"2022-06-05T12:00:00","guid":{"rendered":"https:\/\/tvc16.com\/portal\/?p=37495"},"modified":"2022-06-04T00:42:27","modified_gmt":"2022-06-04T03:42:27","slug":"prefeitura-de-nova-friburgo-divulga-edital-para-estagio-remunerado-na-procuradoria-geral","status":"publish","type":"post","link":"https:\/\/tvc16.com\/portal\/2022\/06\/05\/prefeitura-de-nova-friburgo-divulga-edital-para-estagio-remunerado-na-procuradoria-geral\/","title":{"rendered":"Prefeitura de Nova Friburgo divulga edital para Est\u00e1gio remunerado na Procuradoria-Geral"},"content":{"rendered":"\n<p><em>Inscri\u00e7\u00f5es devem ser feitas entre os dias 6 e 24 deste m\u00eas de junho e a prova ser\u00e1 realizada no dia 10 de julho<\/em><\/p>\n\n\n\n<p>O edital do exame de sele\u00e7\u00e3o para forma\u00e7\u00e3o do quadro de estagi\u00e1rios da Procuradoria-Geral do Munic\u00edpio de Nova Friburgo prev\u00ea a abertura das inscri\u00e7\u00f5es para a pr\u00f3xima segunda-feira, dia 6 de junho. O per\u00edodo de inscri\u00e7\u00f5es se estende at\u00e9 o pr\u00f3ximo dia 24. O edital completo foi publicado no Di\u00e1rio Oficial da \u00faltima quinta-feira, 2, e tamb\u00e9m est\u00e1 dispon\u00edvel para consulta na sede da Procuradoria-Geral do Munic\u00edpio, no pr\u00e9dio da prefeitura, situada \u00e0 Avenida Alberto Braune, 225, no Centro. A validade \u00e9 de um ano, prorrog\u00e1vel por igual per\u00edodo, contado a partir da data de publica\u00e7\u00e3o da homologa\u00e7\u00e3o do resultado final no Di\u00e1rio Oficial.<br><br>O processo seletivo ocorrer\u00e1 por meio de prova objetiva, presencial, de car\u00e1ter eliminat\u00f3rio e classificat\u00f3rio, tendo por finalidade o preenchimento de dez vagas de provimento imediato e a forma\u00e7\u00e3o do quadro reserva de estagi\u00e1rios de n\u00edvel superior em Direito, para atender \u00e0s demandas da Procuradoria-Geral do Munic\u00edpio de Nova Friburgo.<br><br>Para fazer a inscri\u00e7\u00e3o, os candidatos devem preencher os requisitos, como estar regulamente matriculado no curso de Direito em institui\u00e7\u00e3o de Ensino Superior reconhecida pelo MEC e n\u00e3o colar grau at\u00e9 dezembro de 2022. N\u00e3o ser\u00e1 cobrada taxa de inscri\u00e7\u00e3o no certame.<\/p>\n\n\n\n<p>Para as pessoas portadoras de defici\u00eancia (PCD) ser\u00e3o destinadas 10% das vagas. E para as pessoas que se declararem negras ou ind\u00edgenas, participantes do sistema de cotas, fica reservado o percentual de 20% das vagas.<\/p>\n\n\n\n<p>O candidato poder\u00e1 efetuar sua inscri\u00e7\u00e3o presencialmente na sede da Procuradoria-Geral ou&nbsp;por meio do endere\u00e7o eletr\u00f4nico estagiopgmnf@gmail.com, entregando ou enviando, no per\u00edodo de 6 a 24 de junho de 2022, os documentos e informa\u00e7\u00f5es solicitadas no edital.<br><br><strong>REALIZA\u00c7\u00c3O DA PROVA&nbsp;<\/strong>&#8211; A prova ser\u00e1 realizada, presencialmente, no dia 10 de julho de 2022, \u00e0s 13h, no Col\u00e9gio Estadual Professor Jamil El-Jaick, localizado na Rua Euclides Solon de Pontes, 33, no Centro. O certame ser\u00e1 realizado por meio de prova objetiva, de car\u00e1ter eliminat\u00f3rio, e classificat\u00f3rio. Os candidatos dever\u00e3o comparecer com 30 minutos de anteced\u00eancia do hor\u00e1rio previsto para o in\u00edcio da prova, munidos de documento de identidade com foto, devendo mostr\u00e1-lo quando solicitado. Ser\u00e1 automaticamente eliminado o candidato que n\u00e3o se apresentar na hora designada para a realiza\u00e7\u00e3o da prova, observando-se o fechamento dos port\u00f5es \u00e0s 13h.<\/p>\n\n\n\n<p>N\u00e3o ser\u00e1 permitida consulta \u00e0 legisla\u00e7\u00e3o durante a prova, que ter\u00e1 dura\u00e7\u00e3o de tr\u00eas horas. O candidato s\u00f3 poder\u00e1 deixar local da prova ap\u00f3s 60 minutos do in\u00edcio da aplica\u00e7\u00e3o da prova e somente poder\u00e1 levar o caderno de provas consigo ap\u00f3s decorridos 90 minutos do in\u00edcio da realiza\u00e7\u00e3o da prova, saindo os tr\u00eas \u00faltimos candidatos juntos.<\/p>\n\n\n\n<p>De car\u00e1ter eliminat\u00f3rio e classificat\u00f3rio, a prova ter\u00e1 25 quest\u00f5es, abrangendo as disciplinas de Direito Constitucional, Direito Administrativo, Direito Civil e Processual Civil, Direito Tribut\u00e1rio e Direito do Trabalho e Processual do Trabalho, todas valendo quatro pontos, perfazendo a nota total igual a cem pontos. O gabarito oficial ser\u00e1 divulgado em at\u00e9 48 horas ap\u00f3s a realiza\u00e7\u00e3o da prova e poder\u00e1 ser consultado pela internet, no site da Prefeitura (www.novafriburgo.rj.gov.br.<\/p>\n\n\n\n<p>A jornada semanal do est\u00e1gio ser\u00e1 de 20 horas, sendo quatro horas di\u00e1rias a serem realizadaa no turno da manh\u00e3 ou da tarde, conforme designa\u00e7\u00e3o do procurador-geral do munic\u00edpio. Fica assegurado ao estudante durante o est\u00e1gio o recebimento da bolsa-aux\u00edlio no valor de R$ 800,00 e o aux\u00edlio-transporte no valor de R$ 180,00.<\/p>\n\n\n\n<p>Mais informa\u00e7\u00f5es na Procuradoria-Geral, na sede da Prefeitura de Nova Friburgo, ou pelo telefone (22) 2525-9100.<\/p>\n","protected":false},"excerpt":{"rendered":"<p>Inscri\u00e7\u00f5es devem ser feitas entre os dias 6 e 24 deste m\u00eas de junho e<\/p>\n","protected":false},"author":2,"featured_media":37496,"comment_status":"open","ping_status":"open","sticky":false,"template":"","format":"standard","meta":{"footnotes":""},"categories":[17],"tags":[],"class_list":["post-37495","post","type-post","status-publish","format-standard","has-post-thumbnail","hentry","category-outras-noticias"],"_links":{"self":[{"href":"https:\/\/tvc16.com\/portal\/wp-json\/wp\/v2\/posts\/37495","targetHints":{"allow":["GET"]}}],"collection":[{"href":"https:\/\/tvc16.com\/portal\/wp-json\/wp\/v2\/posts"}],"about":[{"href":"https:\/\/tvc16.com\/portal\/wp-json\/wp\/v2\/types\/post"}],"author":[{"embeddable":true,"href":"https:\/\/tvc16.com\/portal\/wp-json\/wp\/v2\/users\/2"}],"replies":[{"embeddable":true,"href":"https:\/\/tvc16.com\/portal\/wp-json\/wp\/v2\/comments?post=37495"}],"version-history":[{"count":1,"href":"https:\/\/tvc16.com\/portal\/wp-json\/wp\/v2\/posts\/37495\/revisions"}],"predecessor-version":[{"id":37497,"href":"https:\/\/tvc16.com\/portal\/wp-json\/wp\/v2\/posts\/37495\/revisions\/37497"}],"wp:featuredmedia":[{"embeddable":true,"href":"https:\/\/tvc16.com\/portal\/wp-json\/wp\/v2\/media\/37496"}],"wp:attachment":[{"href":"https:\/\/tvc16.com\/portal\/wp-json\/wp\/v2\/media?parent=37495"}],"wp:term":[{"taxonomy":"category","embeddable":true,"href":"https:\/\/tvc16.com\/portal\/wp-json\/wp\/v2\/categories?post=37495"},{"taxonomy":"post_tag","embeddable":true,"href":"https:\/\/tvc16.com\/portal\/wp-json\/wp\/v2\/tags?post=37495"}],"curies":[{"name":"wp","href":"https:\/\/api.w.org\/{rel}","templated":true}]}}