{"id":37500,"date":"2022-06-04T12:00:29","date_gmt":"2022-06-04T15:00:29","guid":{"rendered":"https:\/\/tvc16.com\/portal\/?p=37500"},"modified":"2022-06-04T12:00:30","modified_gmt":"2022-06-04T15:00:30","slug":"acompanhe-a-situacao-das-vias-em-petropolis","status":"publish","type":"post","link":"https:\/\/tvc16.com\/portal\/2022\/06\/04\/acompanhe-a-situacao-das-vias-em-petropolis\/","title":{"rendered":"Acompanhe a situa\u00e7\u00e3o das Vias em Petr\u00f3polis"},"content":{"rendered":"\n<p>O Boletim de Tr\u00e2nsito divulgado pela Prefeitura de Petr\u00f3polis informa sobre a situa\u00e7\u00e3o das vias na cidade neste dia 04\/06, \u00e0s 11h24.<\/p>\n\n\n\n<p>VIAS INTERDITADAS<\/p>\n\n\n\n<p>Castel\u00e2nea<\/p>\n\n\n\n<ul class=\"wp-block-list\"><li>Rua Conde D&#8217;Eu (interditada para obras na via)<\/li><\/ul>\n\n\n\n<p>Quissam\u00e3<\/p>\n\n\n\n<ul class=\"wp-block-list\"><li>Rua Francisco Scali<\/li><\/ul>\n\n\n\n<p>Cascatinha<\/p>\n\n\n\n<ul class=\"wp-block-list\"><li>Rua Oliveira Bulh\u00f5es<\/li><li>Rua Greg\u00f3rio Cruzick (a partir do n\u00famero 845)<\/li><\/ul>\n\n\n\n<p>Valpara\u00edso<\/p>\n\n\n\n<ul class=\"wp-block-list\"><li>Rua Rom\u00e3o J\u00fanior<\/li><\/ul>\n\n\n\n<p>Independ\u00eancia<\/p>\n\n\n\n<ul class=\"wp-block-list\"><li>Rua Padre Jos\u00e9 Maur\u00edcio (Bairro Mau\u00e1, interditado na altura do n\u00famero 150)<\/li><\/ul>\n\n\n\n<p>VIAS INTERDITADAS COM TR\u00c2NSITO EM MEIA PISTA, LIVRES PARA VE\u00cdCULOS LEVES E PARA OS MORADORES<\/p>\n\n\n\n<p>Centro<\/p>\n\n\n\n<ul class=\"wp-block-list\"><li>Rua Bar\u00e3o de \u00c1guas Claras<\/li><\/ul>\n\n\n\n<p>Sim\u00e9ria<\/p>\n\n\n\n<ul class=\"wp-block-list\"><li>Rua Manoel Francisco de Paula<\/li><li>Rua Infante Dom Henrique (Sim\u00e9ria X Cremerie)<\/li><\/ul>\n\n\n\n<p>Cascatinha<br>Fazenda Inglesa<\/p>\n\n\n\n<ul class=\"wp-block-list\"><li>Estrada da Vargem Grande (apenas ve\u00edculos leves)<\/li><\/ul>\n\n\n\n<p>Valpara\u00edso<\/p>\n\n\n\n<ul class=\"wp-block-list\"><li>Avenida Portugal (Batata Frita) liberada das 17h \u00e0s 20h a ve\u00edculos leves, sentido bairro.<\/li><li>Rua Padre Moreira (apenas ve\u00edculos leves)<\/li><\/ul>\n","protected":false},"excerpt":{"rendered":"<p>O Boletim de Tr\u00e2nsito divulgado pela Prefeitura de Petr\u00f3polis informa sobre a situa\u00e7\u00e3o das vias<\/p>\n","protected":false},"author":2,"featured_media":32845,"comment_status":"open","ping_status":"open","sticky":false,"template":"","format":"standard","meta":{"footnotes":""},"categories":[12],"tags":[],"class_list":["post-37500","post","type-post","status-publish","format-standard","has-post-thumbnail","hentry","category-cidade"],"_links":{"self":[{"href":"https:\/\/tvc16.com\/portal\/wp-json\/wp\/v2\/posts\/37500","targetHints":{"allow":["GET"]}}],"collection":[{"href":"https:\/\/tvc16.com\/portal\/wp-json\/wp\/v2\/posts"}],"about":[{"href":"https:\/\/tvc16.com\/portal\/wp-json\/wp\/v2\/types\/post"}],"author":[{"embeddable":true,"href":"https:\/\/tvc16.com\/portal\/wp-json\/wp\/v2\/users\/2"}],"replies":[{"embeddable":true,"href":"https:\/\/tvc16.com\/portal\/wp-json\/wp\/v2\/comments?post=37500"}],"version-history":[{"count":1,"href":"https:\/\/tvc16.com\/portal\/wp-json\/wp\/v2\/posts\/37500\/revisions"}],"predecessor-version":[{"id":37501,"href":"https:\/\/tvc16.com\/portal\/wp-json\/wp\/v2\/posts\/37500\/revisions\/37501"}],"wp:featuredmedia":[{"embeddable":true,"href":"https:\/\/tvc16.com\/portal\/wp-json\/wp\/v2\/media\/32845"}],"wp:attachment":[{"href":"https:\/\/tvc16.com\/portal\/wp-json\/wp\/v2\/media?parent=37500"}],"wp:term":[{"taxonomy":"category","embeddable":true,"href":"https:\/\/tvc16.com\/portal\/wp-json\/wp\/v2\/categories?post=37500"},{"taxonomy":"post_tag","embeddable":true,"href":"https:\/\/tvc16.com\/portal\/wp-json\/wp\/v2\/tags?post=37500"}],"curies":[{"name":"wp","href":"https:\/\/api.w.org\/{rel}","templated":true}]}}