{"id":37502,"date":"2022-06-04T13:25:21","date_gmt":"2022-06-04T16:25:21","guid":{"rendered":"https:\/\/tvc16.com\/portal\/?p=37502"},"modified":"2022-06-04T13:25:22","modified_gmt":"2022-06-04T16:25:22","slug":"alta-temporada-pelo-menos-quinze-grandes-eventos-vao-movimentar-a-cidade-na-estacao-mais-charmosa-do-ano","status":"publish","type":"post","link":"https:\/\/tvc16.com\/portal\/2022\/06\/04\/alta-temporada-pelo-menos-quinze-grandes-eventos-vao-movimentar-a-cidade-na-estacao-mais-charmosa-do-ano\/","title":{"rendered":"Alta temporada: pelo menos quinze grandes eventos v\u00e3o movimentar a cidade na esta\u00e7\u00e3o mais charmosa do ano"},"content":{"rendered":"\n<p>Alta temporada: pelo menos quinze grandes eventos v\u00e3o movimentar a cidade na esta\u00e7\u00e3o mais charmosa do ano<\/p>\n\n\n\n<p>Escolhida como um dos 65 Destinos Indutores do Desenvolvimento Regional no Brasil pelo Minist\u00e9rio do Turismo (Mtur), Funda\u00e7\u00e3o Get\u00falio Vargas (FGV) e Sebrae Nacional, Petr\u00f3polis se prepara para a sua alta temporada. O per\u00edodo mais charmoso do ano tem a confirma\u00e7\u00e3o de pelo menos 15 grandes eventos que v\u00e3o movimentar a cidade. A programa\u00e7\u00e3o j\u00e1 come\u00e7ou esta semana e segue at\u00e9 agosto com a realiza\u00e7\u00e3o da XXXIII Bauernfest, fechando a temporada mais procurada pelos turistas.<\/p>\n\n\n\n<p>\u201cO turismo \u00e9 uma das principais fontes da economia da cidade e estamos nos preparando para receber os nossos turistas. A cidade sofreu com as duas chuvas, foram momentos dif\u00edceis onde cuidamos n\u00e3o apenas da reconstru\u00e7\u00e3o da cidade, mas tamb\u00e9m cuidamos das pessoas que mais precisavam da gente. Estarmos nos reerguendo nesse per\u00edodo de alta temporada \u00e9 importante\u201d, comentou o prefeito Rubens Bomtempo.<\/p>\n\n\n\n<p>Esta semana, a Prefeitura, por meio do Instituto Municipal de Cultural (IMC) e da Secretaria de Turismo, iniciou as licita\u00e7\u00f5es para a realiza\u00e7\u00e3o da Bauernfest \u2013 Festa do Colono Alem\u00e3o, que acontece entre os dias 12 a 28 de agosto. Os preg\u00f5es acontecem neste m\u00eas e s\u00e3o para as contrata\u00e7\u00f5es das empresas que ficar\u00e3o respons\u00e1veis pela distribui\u00e7\u00e3o do salsich\u00e3o, chope, atra\u00e7\u00f5es culturais e patroc\u00ednio. Tamb\u00e9m ser\u00e1 realizada a licita\u00e7\u00e3o das barracas.<\/p>\n\n\n\n<p>\u201cTeremos eventos que v\u00e3o movimentar a economia local, dando oportunidade aos cervejeiros artesanais e aos artes\u00e3os de comercializarem seus produtos, e tamb\u00e9m aos artistas locais. Estamos come\u00e7ando a alta temporada com expectativas muito positivas, com uma agenda de eventos bastante variada e com a Bauernfest acontecendo em agosto, estendendo o nosso per\u00edodo de maior movimento\u201d, disse a secret\u00e1ria de Turismo, Silvia Guedon.<\/p>\n\n\n\n<p>O setor de turismo gera em torno de 70 mil empregos diretos e indiretos na cidade e representa cerca de 6% do Produto Interno Bruto (PIB) anual. O prefeito Rubens Bomtempo lembra tamb\u00e9m que Petr\u00f3polis ocupa a categoria A no Mapa do Turismo Brasileiro, por avalia\u00e7\u00e3o do Minist\u00e9rio do Turismo. \u201cSomos tamb\u00e9m a Capital Estadual da Cerveja, do Canto Coral e dos Produtos Org\u00e2nicos. Turismo gera emprego e renda, foram dois anos de pandemia em que esse setor sofreu bastante, mas somos tamb\u00e9m uma cidade resiliente\u201d, frisou o prefeito.<\/p>\n\n\n\n<p>EVENTOS PROGRAMADOS PARA OS MESES DE JUNHO, JULHO E AGOSTO<\/p>\n\n\n\n<p>programa\u00e7\u00e3o sujeita a altera\u00e7\u00e3o<\/p>\n\n\n\n<figure class=\"wp-block-image size-full\"><img loading=\"lazy\" decoding=\"async\" width=\"560\" height=\"349\" src=\"https:\/\/tvc16.com\/portal\/wp-content\/uploads\/2022\/06\/serra-wine-week_VINHOS_vs.jpg\" alt=\"\" class=\"wp-image-37504\" srcset=\"https:\/\/tvc16.com\/portal\/wp-content\/uploads\/2022\/06\/serra-wine-week_VINHOS_vs.jpg 560w, https:\/\/tvc16.com\/portal\/wp-content\/uploads\/2022\/06\/serra-wine-week_VINHOS_vs-300x187.jpg 300w\" sizes=\"auto, (max-width: 560px) 100vw, 560px\" \/><figcaption>Serra Wine Week acontece em restaurantes da cidade at\u00e9 o dia 12\/06 e no Parque Municipal Prefeito Paulo Rattes de 16 a 19\/06<\/figcaption><\/figure>\n\n\n\n<p>SERRA WINE WEEK<br>01 a 12 de junho nos restaurantes. E de 16 a 19 de junho no<br>Parque Municipal Prefeito Paulo Rattes, Estrada Uni\u00e3o e Ind\u00fastria, 10.000 &#8211; Itaipava &#8211; \u00c1rea externa Realiza\u00e7\u00e3o: PLBK Comunica\u00e7\u00e3o<br>Instagram: @serrawineweek<\/p>\n\n\n\n<figure class=\"wp-block-image size-full\"><img loading=\"lazy\" decoding=\"async\" width=\"300\" height=\"200\" src=\"https:\/\/tvc16.com\/portal\/wp-content\/uploads\/2022\/06\/PARQUE-ITAIPAVA-300x200-1.jpg\" alt=\"\" class=\"wp-image-37503\"\/><figcaption>Parque Municipal Prefeito Paulo Rattes em Itaipava<\/figcaption><\/figure>\n\n\n\n<p>FEIRA 4.0<br>Parque Municipal Prefeito Paulo Rattes, Estrada Uni\u00e3o e Ind\u00fastria,10.000- Itaipava<br>11 a 12 de junho<br>Realiza\u00e7\u00e3o: Catarina Eventos<br>Instagram: @feira_4.0<\/p>\n\n\n\n<p>OKTOBERFEST PETR\u00d3POLIS<br>Parque Municipal Prefeito Paulo Rattes, Estrada Uni\u00e3o e Ind\u00fastria, 10.000- Itaipava<br>16 a 19 e 24 a 26 de junho<br>Realiza\u00e7\u00e3o: Deguste Promo\u00e7\u00f5es e Eventos Ltda.<br>Instagram: @oktoberfestpetropolis<\/p>\n\n\n\n<p>SOLST\u00cdCIO DO SOM 24 &#8211; INVERNO 2022<br>Pra\u00e7a da Liberdade \u2013 Centro Hist\u00f3rico<br>17 a 21 de junho<br>Realiza\u00e7\u00e3o: Grupo Solst\u00edcio Promo\u00e7\u00e3o de Eventos<\/p>\n\n\n\n<figure class=\"wp-block-image size-large\"><img loading=\"lazy\" decoding=\"async\" width=\"849\" height=\"1024\" src=\"https:\/\/tvc16.com\/portal\/wp-content\/uploads\/2022\/06\/WhatsApp-Image-2022-06-04-at-12.44.17-849x1024.jpeg\" alt=\"\" class=\"wp-image-37506\" srcset=\"https:\/\/tvc16.com\/portal\/wp-content\/uploads\/2022\/06\/WhatsApp-Image-2022-06-04-at-12.44.17-849x1024.jpeg 849w, https:\/\/tvc16.com\/portal\/wp-content\/uploads\/2022\/06\/WhatsApp-Image-2022-06-04-at-12.44.17-249x300.jpeg 249w, https:\/\/tvc16.com\/portal\/wp-content\/uploads\/2022\/06\/WhatsApp-Image-2022-06-04-at-12.44.17-768x927.jpeg 768w, https:\/\/tvc16.com\/portal\/wp-content\/uploads\/2022\/06\/WhatsApp-Image-2022-06-04-at-12.44.17.jpeg 1080w\" sizes=\"auto, (max-width: 849px) 100vw, 849px\" \/><\/figure>\n\n\n\n<p>FESTIVAL DE FONDUE, RACLETES, CALDOS E CREMES<br>Restaurantes participantes<br>01 a 31 de julho<br>Realiza\u00e7\u00e3o: Petr\u00f3polis e Convention &amp; Visitors Bureau<br>www.visitepetropolis.com<\/p>\n\n\n\n<p>FESTIVAL SESC DE INVERNO<br>SESC Quitandinha &#8211; Quitandinha e Parque Municipal Prefeito Paulo Rattes \u2013 Itaipava<br>15 a 31 de julho<br>Realiza\u00e7\u00e3o: SESC Rio<br>Instagram: @sescrio \/ @sescquitandinharj<\/p>\n\n\n\n<p>4\u00ba ENCONTRO PETROPOLITANO DE VE\u00cdCULOS DE COLE\u00c7\u00c3O<br>Rua Alfredo Pach\u00e1 \u2013 Centro Hist\u00f3rico<br>16 e 17 de julho<br>Realiza\u00e7\u00e3o: Clube do Opala de Petr\u00f3polis<\/p>\n\n\n\n<p>FESTIVAL DE INVERNO DE ITAIPAVA<br>Parque Municipal Prefeito Paulo Rattes \u2013 Itaipava<br>17 de julho a partir das 16h \u2013 Thiaguinho e Pedro Sampaio<br>Realiza\u00e7\u00e3o: Doi2 Entretenimento<br>Instagram: @festivaldeinverno.itaipava<\/p>\n\n\n\n<p>FESTIVAL AGROSERRA DA RO\u00c7A AO PRATO<br>Pra\u00e7a de Secret\u00e1rio \u2013 Pedro do Rio<br>22 a 24 de julho<br>Realiza\u00e7\u00e3o: Instituto Caminho da Ro\u00e7a \u2013 ICR<br>Instagram: @festivalagroserra<\/p>\n\n\n\n<p>ECOBRECH\u00d3 PARK<br>Parque Municipal Prefeito Paulo Rattes, Estrada Uni\u00e3o e Ind\u00fastria, 10.000 &#8211; Itaipava<br>22 a 24 de julho<br>Realiza\u00e7\u00e3o: Ana Carolina Lima Mayworm MEI<br>Instagram: @ecobrechopark<\/p>\n\n\n\n<p>49\u00aa FESTA DE S\u00c3O CRISTOV\u00c3O<br>Pra\u00e7a de Nogueira \u2013 Nogueira<br>22 a 25 de julho<br>Realiza\u00e7\u00e3o: Associa\u00e7\u00e3o de Moradores e Amigos de Nogueira \u2013 AMAN<\/p>\n\n\n\n<p>SERRA BUGS<br>Parque Municipal Prefeito Paulo Rattes, Estrada Uni\u00e3o e Ind\u00fastria, 10.000- Itaipava<br>05 a 07 de agosto<br>Realiza\u00e7\u00e3o: Serra Bugs<br>Instagram: @serra_bugs<\/p>\n\n\n\n<p>BIERGARTEN 2022<br>Pra\u00e7a Visconde de Mau\u00e1<br>11 a 14 \/ 19 a 21 \/ 26 a 28 de agosto<br>Realiza\u00e7\u00e3o: Associa\u00e7\u00e3o das Cervejarias Artesanais do Munic\u00edpio de Petr\u00f3polis &#8211; ACAP<\/p>\n\n\n\n<p>DEUSTSCHE PARTEI \u2013 Festa Alem\u00e3<br>Parque Municipal Prefeito Paulo Rattes (\u00e1rea externa)<br>12 a 28 de agosto<br>Realiza\u00e7\u00e3o: Deguste Promo\u00e7\u00f5es e Eventos Ltda.<\/p>\n\n\n\n<p>33\u00aa BAUERNFEST \u2013 FESTA DO COLONO ALEM\u00c3O<br>Pal\u00e1cio de Cristal, Pra\u00e7a da Liberdade, Pra\u00e7a Visconde de Mau\u00e1, dentre outros locais. <\/p>\n\n\n\n<p>12 a 28 de agosto<\/p>\n","protected":false},"excerpt":{"rendered":"<p>Alta temporada: pelo menos quinze grandes eventos v\u00e3o movimentar a cidade na esta\u00e7\u00e3o mais charmosa<\/p>\n","protected":false},"author":2,"featured_media":37505,"comment_status":"open","ping_status":"open","sticky":true,"template":"","format":"standard","meta":{"footnotes":""},"categories":[12,21,264,18],"tags":[],"class_list":["post-37502","post","type-post","status-publish","format-standard","has-post-thumbnail","hentry","category-cidade","category-cultura","category-destaque","category-economia"],"_links":{"self":[{"href":"https:\/\/tvc16.com\/portal\/wp-json\/wp\/v2\/posts\/37502","targetHints":{"allow":["GET"]}}],"collection":[{"href":"https:\/\/tvc16.com\/portal\/wp-json\/wp\/v2\/posts"}],"about":[{"href":"https:\/\/tvc16.com\/portal\/wp-json\/wp\/v2\/types\/post"}],"author":[{"embeddable":true,"href":"https:\/\/tvc16.com\/portal\/wp-json\/wp\/v2\/users\/2"}],"replies":[{"embeddable":true,"href":"https:\/\/tvc16.com\/portal\/wp-json\/wp\/v2\/comments?post=37502"}],"version-history":[{"count":1,"href":"https:\/\/tvc16.com\/portal\/wp-json\/wp\/v2\/posts\/37502\/revisions"}],"predecessor-version":[{"id":37507,"href":"https:\/\/tvc16.com\/portal\/wp-json\/wp\/v2\/posts\/37502\/revisions\/37507"}],"wp:featuredmedia":[{"embeddable":true,"href":"https:\/\/tvc16.com\/portal\/wp-json\/wp\/v2\/media\/37505"}],"wp:attachment":[{"href":"https:\/\/tvc16.com\/portal\/wp-json\/wp\/v2\/media?parent=37502"}],"wp:term":[{"taxonomy":"category","embeddable":true,"href":"https:\/\/tvc16.com\/portal\/wp-json\/wp\/v2\/categories?post=37502"},{"taxonomy":"post_tag","embeddable":true,"href":"https:\/\/tvc16.com\/portal\/wp-json\/wp\/v2\/tags?post=37502"}],"curies":[{"name":"wp","href":"https:\/\/api.w.org\/{rel}","templated":true}]}}