{"id":37509,"date":"2022-06-04T14:15:00","date_gmt":"2022-06-04T17:15:00","guid":{"rendered":"https:\/\/tvc16.com\/portal\/?p=37509"},"modified":"2022-06-04T14:00:16","modified_gmt":"2022-06-04T17:00:16","slug":"claudio-castro-isenta-taxa-de-incendio-de-2021-a-moradores-de-areas-afetadas-por-chuvas","status":"publish","type":"post","link":"https:\/\/tvc16.com\/portal\/2022\/06\/04\/claudio-castro-isenta-taxa-de-incendio-de-2021-a-moradores-de-areas-afetadas-por-chuvas\/","title":{"rendered":"Cl\u00e1udio Castro isenta taxa de inc\u00eandio de 2021 a moradores de \u00e1reas afetadas por chuvas"},"content":{"rendered":"\n<p><em>Benef\u00edcio alcan\u00e7a quem recebe Aluguel Social e vive em cidades onde foi decretado estado de emerg\u00eancia<\/em><\/p>\n\n\n\n<p>O governador Cl\u00e1udio Castro tirou do papel mais uma iniciativa para ajudar v\u00edtimas de \u00e1reas atingidas pelas fortes chuvas este ano. Castro sancionou a Lei 9.707\/22, para que moradores de resid\u00eancias que recebem o Aluguel Social, em munic\u00edpios que decretaram calamidade ou estado de emerg\u00eancia nos quatro primeiros meses de 2022 em decorr\u00eancia dos temporais, fiquem isentos do pagamento da taxa de inc\u00eandio de 2021. O texto foi publicado em edi\u00e7\u00e3o extraordin\u00e1ria do Di\u00e1rio Oficial nesta sexta-feira (03\/06).<\/p>\n\n\n\n<p>&#8211; Auxiliar os cidad\u00e3os em um momento como esse \u00e9 o nosso papel. Estamos adotando uma s\u00e9rie de medidas com um \u00fanico fim: ajudar os moradores dessas regi\u00f5es a se reerguerem. Nossos esfor\u00e7os s\u00e3o cont\u00ednuos para socorrer todas essas pessoas \u2013 declarou o governador.<\/p>\n\n\n\n<p>A isen\u00e7\u00e3o da taxa cobrada pelo Corpo de Bombeiros Militar do Estado do Rio de Janeiro (CBMERJ) abrange apenas os d\u00e9bitos do tributo que ainda n\u00e3o tenham sido quitados. Al\u00e9m disso, o benef\u00edcio ser\u00e1 concedido pelo CBMERJ mediante apresenta\u00e7\u00e3o de documentos que comprovem ser o solicitante contemplado pelo Aluguel Social, bem como morador dessas localidades.<\/p>\n\n\n\n<p><strong>Cart\u00e3o Recome\u00e7ar<\/strong><\/p>\n\n\n\n<p>O Governo do Estado tem implementando diversas a\u00e7\u00f5es para atender a popula\u00e7\u00e3o das cidades prejudicadas pelas chuvas. No \u00faltimo s\u00e1bado, por exemplo, o governador Cl\u00e1udio Castro deu in\u00edcio \u00e0 distribui\u00e7\u00e3o do Cart\u00e3o Recome\u00e7ar a v\u00edtimas das enchentes em Queimados, na Baixada Fluminense.<\/p>\n\n\n\n<p>O programa \u00e9 destinado \u00e0 popula\u00e7\u00e3o de baixa renda atingida por desastres naturais. O benef\u00edcio, de R$ 3 mil, \u00e9 concedido por meio da Secretaria de Desenvolvimento Social e Direitos Humanos (SEDSODH) para custear despesas com mobili\u00e1rio residencial, eletrodom\u00e9sticos e materiais de constru\u00e7\u00e3o.<\/p>\n","protected":false},"excerpt":{"rendered":"<p>Benef\u00edcio alcan\u00e7a quem recebe Aluguel Social e vive em cidades onde foi decretado estado de<\/p>\n","protected":false},"author":2,"featured_media":37510,"comment_status":"open","ping_status":"open","sticky":false,"template":"","format":"standard","meta":{"footnotes":""},"categories":[18,17,15],"tags":[],"class_list":["post-37509","post","type-post","status-publish","format-standard","has-post-thumbnail","hentry","category-economia","category-outras-noticias","category-politica"],"_links":{"self":[{"href":"https:\/\/tvc16.com\/portal\/wp-json\/wp\/v2\/posts\/37509","targetHints":{"allow":["GET"]}}],"collection":[{"href":"https:\/\/tvc16.com\/portal\/wp-json\/wp\/v2\/posts"}],"about":[{"href":"https:\/\/tvc16.com\/portal\/wp-json\/wp\/v2\/types\/post"}],"author":[{"embeddable":true,"href":"https:\/\/tvc16.com\/portal\/wp-json\/wp\/v2\/users\/2"}],"replies":[{"embeddable":true,"href":"https:\/\/tvc16.com\/portal\/wp-json\/wp\/v2\/comments?post=37509"}],"version-history":[{"count":1,"href":"https:\/\/tvc16.com\/portal\/wp-json\/wp\/v2\/posts\/37509\/revisions"}],"predecessor-version":[{"id":37511,"href":"https:\/\/tvc16.com\/portal\/wp-json\/wp\/v2\/posts\/37509\/revisions\/37511"}],"wp:featuredmedia":[{"embeddable":true,"href":"https:\/\/tvc16.com\/portal\/wp-json\/wp\/v2\/media\/37510"}],"wp:attachment":[{"href":"https:\/\/tvc16.com\/portal\/wp-json\/wp\/v2\/media?parent=37509"}],"wp:term":[{"taxonomy":"category","embeddable":true,"href":"https:\/\/tvc16.com\/portal\/wp-json\/wp\/v2\/categories?post=37509"},{"taxonomy":"post_tag","embeddable":true,"href":"https:\/\/tvc16.com\/portal\/wp-json\/wp\/v2\/tags?post=37509"}],"curies":[{"name":"wp","href":"https:\/\/api.w.org\/{rel}","templated":true}]}}