{"id":37512,"date":"2022-06-04T15:30:00","date_gmt":"2022-06-04T18:30:00","guid":{"rendered":"https:\/\/tvc16.com\/portal\/?p=37512"},"modified":"2022-06-04T14:17:36","modified_gmt":"2022-06-04T17:17:36","slug":"plano-municipal-de-cultura-e-aprovado-pela-camara","status":"publish","type":"post","link":"https:\/\/tvc16.com\/portal\/2022\/06\/04\/plano-municipal-de-cultura-e-aprovado-pela-camara\/","title":{"rendered":"Plano Municipal de Cultura \u00e9 aprovado pela C\u00e2mara"},"content":{"rendered":"\n<p>O Plano Municipal de Cultura, encaminhado pela Prefeitura para a C\u00e2mara Municipal, foi aprovado pelos vereadores na \u00faltima semana. O documento define as diretrizes da pol\u00edtica municipal de cultura para os pr\u00f3ximos dez anos.<\/p>\n\n\n\n<p>Entre os avan\u00e7os trazidos pelo plano, est\u00e3o diretrizes voltadas para a descentraliza\u00e7\u00e3o dos programas de cultura por todo o munic\u00edpio, assim como diretrizes para a simplifica\u00e7\u00e3o dos editais, de modo a democratizar o acesso ao financiamento de projetos culturais.<\/p>\n\n\n\n<p>&#8220;Uma preocupa\u00e7\u00e3o do plano \u00e9 que os programas e projetos culturais contribuam para a diminui\u00e7\u00e3o das desigualdades, para a descentraliza\u00e7\u00e3o das atividades, para que os bairros e os territ\u00f3rios sejam contemplados&#8221;, disse a secret\u00e1ria de Cultura, Diana Iliescu.<\/p>\n\n\n\n<p>O plano foi constru\u00eddo com participa\u00e7\u00e3o popular em todo o processo.<\/p>\n\n\n\n<p>&#8220;Em todo o processo, a sociedade civil foi a protagonista. Os segmentos culturais participaram tanto da constru\u00e7\u00e3o do diagn\u00f3stico do cen\u00e1rio da cultura de Petr\u00f3polis como do estabelecimento das diretrizes para os pr\u00f3ximos anos&#8221;, disse Diana Iliescu.<\/p>\n\n\n\n<p>Hist\u00f3rico<\/p>\n\n\n\n<p>O atual plano \u00e9 de 2010 e venceu em 2020. Naquele ano, foi prorrogado por mais um ano.<\/p>\n\n\n\n<p>Em 2019, o novo plano come\u00e7ou a ser elaborado pelo Instituto de Cultura em parceria com o Conselho Municipal de Cultura. Naquele momento, Diana Iliescu era vice-presidente do conselho, que participou ativamente do processo. Uma comiss\u00e3o se reuniu para planejar as audi\u00eancias p\u00fablicas que dariam corpo \u00e0s discuss\u00f5es da constru\u00e7\u00e3o do plano. Com a chegada da pandemia, tiveram que ser desmarcadas.<\/p>\n\n\n\n<p>J\u00e1 em 2021, o Conselho de Cultura retomou o debate, e o Instituto de Cultura contratou os consultores Flavio Aniceto e Camila Gricss para a formula\u00e7\u00e3o do plano. A constru\u00e7\u00e3o coletiva se deu atrav\u00e9s de formul\u00e1rios de consulta popular e da realiza\u00e7\u00e3o das audi\u00eancias tem\u00e1ticas de forma online.<\/p>\n\n\n\n<p>A aprova\u00e7\u00e3o do texto final foi de forma presencial em reuni\u00e3o extraordin\u00e1ria do conselho, no Centro de Cultura.<\/p>\n\n\n\n<p>Agora, em 2022, a Prefeitura encaminhou o plano para a C\u00e2mara, que o aprovou. Depois que for publicado em Di\u00e1rio Oficial, o plano estar\u00e1 em vigor at\u00e9 2031.<\/p>\n","protected":false},"excerpt":{"rendered":"<p>O Plano Municipal de Cultura, encaminhado pela Prefeitura para a C\u00e2mara Municipal, foi aprovado pelos<\/p>\n","protected":false},"author":2,"featured_media":37513,"comment_status":"open","ping_status":"open","sticky":false,"template":"","format":"standard","meta":{"footnotes":""},"categories":[12,21],"tags":[],"class_list":["post-37512","post","type-post","status-publish","format-standard","has-post-thumbnail","hentry","category-cidade","category-cultura"],"_links":{"self":[{"href":"https:\/\/tvc16.com\/portal\/wp-json\/wp\/v2\/posts\/37512","targetHints":{"allow":["GET"]}}],"collection":[{"href":"https:\/\/tvc16.com\/portal\/wp-json\/wp\/v2\/posts"}],"about":[{"href":"https:\/\/tvc16.com\/portal\/wp-json\/wp\/v2\/types\/post"}],"author":[{"embeddable":true,"href":"https:\/\/tvc16.com\/portal\/wp-json\/wp\/v2\/users\/2"}],"replies":[{"embeddable":true,"href":"https:\/\/tvc16.com\/portal\/wp-json\/wp\/v2\/comments?post=37512"}],"version-history":[{"count":1,"href":"https:\/\/tvc16.com\/portal\/wp-json\/wp\/v2\/posts\/37512\/revisions"}],"predecessor-version":[{"id":37514,"href":"https:\/\/tvc16.com\/portal\/wp-json\/wp\/v2\/posts\/37512\/revisions\/37514"}],"wp:featuredmedia":[{"embeddable":true,"href":"https:\/\/tvc16.com\/portal\/wp-json\/wp\/v2\/media\/37513"}],"wp:attachment":[{"href":"https:\/\/tvc16.com\/portal\/wp-json\/wp\/v2\/media?parent=37512"}],"wp:term":[{"taxonomy":"category","embeddable":true,"href":"https:\/\/tvc16.com\/portal\/wp-json\/wp\/v2\/categories?post=37512"},{"taxonomy":"post_tag","embeddable":true,"href":"https:\/\/tvc16.com\/portal\/wp-json\/wp\/v2\/tags?post=37512"}],"curies":[{"name":"wp","href":"https:\/\/api.w.org\/{rel}","templated":true}]}}