{"id":37518,"date":"2022-06-05T14:46:00","date_gmt":"2022-06-05T17:46:00","guid":{"rendered":"https:\/\/tvc16.com\/portal\/?p=37518"},"modified":"2022-06-04T14:49:00","modified_gmt":"2022-06-04T17:49:00","slug":"tres-rios-inaugura-nova-sede-do-creas-nesta-segunda","status":"publish","type":"post","link":"https:\/\/tvc16.com\/portal\/2022\/06\/05\/tres-rios-inaugura-nova-sede-do-creas-nesta-segunda\/","title":{"rendered":"Tr\u00eas Rios inaugura nova sede do CREAS nesta segunda"},"content":{"rendered":"\n<p>A Prefeitura de Tr\u00eas Rios, atrav\u00e9s da Secretaria de Assist\u00eancia Social e Direitos Humanos, inaugura na pr\u00f3xima segunda-feira (06), \u00e0s 18h30, a nova sede do Centro de Refer\u00eancia Especializado de Assist\u00eancia Social (CREAS).<\/p>\n\n\n\n<p>A nova sede do CREAS conta com tr\u00eas salas de atendimento para acolhimento aos usu\u00e1rios, espa\u00e7o para higiene pessoal da popula\u00e7\u00e3o em situa\u00e7\u00e3o de rua, audit\u00f3rio para atendimentos em grupo, ampla recep\u00e7\u00e3o, al\u00e9m de abrigo permanente para o per\u00edodo de inverno e situa\u00e7\u00f5es de calamidade p\u00fablica.<\/p>\n\n\n\n<p>Com uma equipe t\u00e9cnica composta por coordenador, assistentes sociais, psic\u00f3logos, advogado e profissionais de apoio, o CREAS atende todo o p\u00fablico do munic\u00edpio que tenha seus direitos violados, migrantes, pessoas em situa\u00e7\u00e3o de rua e amplas demandas de m\u00e9dia complexidade.<\/p>\n\n\n\n<p>\u201cOferecer dignidade e bem estar \u00e0 popula\u00e7\u00e3o em situa\u00e7\u00e3o de vulnerabilidade \u00e9 nosso objetivo. Pensando nisso, transferimos o CREAS para um espa\u00e7o amplo, totalmente reformado e localizado no Centro da cidade\u201d, destacou o prefeito Joa.<\/p>\n\n\n\n<p>A nova sede do CREAS est\u00e1 localizada na Rua Bar\u00e3o do Rio Branco, n\u00ba 467.<\/p>\n","protected":false},"excerpt":{"rendered":"<p>A Prefeitura de Tr\u00eas Rios, atrav\u00e9s da Secretaria de Assist\u00eancia Social e Direitos Humanos, inaugura<\/p>\n","protected":false},"author":2,"featured_media":37519,"comment_status":"open","ping_status":"open","sticky":false,"template":"","format":"standard","meta":{"footnotes":""},"categories":[17,13],"tags":[],"class_list":["post-37518","post","type-post","status-publish","format-standard","has-post-thumbnail","hentry","category-outras-noticias","category-saude"],"_links":{"self":[{"href":"https:\/\/tvc16.com\/portal\/wp-json\/wp\/v2\/posts\/37518","targetHints":{"allow":["GET"]}}],"collection":[{"href":"https:\/\/tvc16.com\/portal\/wp-json\/wp\/v2\/posts"}],"about":[{"href":"https:\/\/tvc16.com\/portal\/wp-json\/wp\/v2\/types\/post"}],"author":[{"embeddable":true,"href":"https:\/\/tvc16.com\/portal\/wp-json\/wp\/v2\/users\/2"}],"replies":[{"embeddable":true,"href":"https:\/\/tvc16.com\/portal\/wp-json\/wp\/v2\/comments?post=37518"}],"version-history":[{"count":1,"href":"https:\/\/tvc16.com\/portal\/wp-json\/wp\/v2\/posts\/37518\/revisions"}],"predecessor-version":[{"id":37520,"href":"https:\/\/tvc16.com\/portal\/wp-json\/wp\/v2\/posts\/37518\/revisions\/37520"}],"wp:featuredmedia":[{"embeddable":true,"href":"https:\/\/tvc16.com\/portal\/wp-json\/wp\/v2\/media\/37519"}],"wp:attachment":[{"href":"https:\/\/tvc16.com\/portal\/wp-json\/wp\/v2\/media?parent=37518"}],"wp:term":[{"taxonomy":"category","embeddable":true,"href":"https:\/\/tvc16.com\/portal\/wp-json\/wp\/v2\/categories?post=37518"},{"taxonomy":"post_tag","embeddable":true,"href":"https:\/\/tvc16.com\/portal\/wp-json\/wp\/v2\/tags?post=37518"}],"curies":[{"name":"wp","href":"https:\/\/api.w.org\/{rel}","templated":true}]}}