{"id":37528,"date":"2022-06-05T11:00:00","date_gmt":"2022-06-05T14:00:00","guid":{"rendered":"https:\/\/tvc16.com\/portal\/?p=37528"},"modified":"2022-06-04T15:01:47","modified_gmt":"2022-06-04T18:01:47","slug":"meio-ambiente-em-pauta-em-paty-do-alferes","status":"publish","type":"post","link":"https:\/\/tvc16.com\/portal\/2022\/06\/05\/meio-ambiente-em-pauta-em-paty-do-alferes\/","title":{"rendered":"Meio Ambiente em pauta em Paty do Alferes"},"content":{"rendered":"\n<p>Na Semana do Meio Ambiente, a Prefeitura de Paty do Alferes est\u00e1 com uma programa\u00e7\u00e3o recheada visando a educa\u00e7\u00e3o ambiental e o desenvolvimento sustent\u00e1vel de nossa cidade.<\/p>\n\n\n\n<figure class=\"wp-block-image size-large\"><img loading=\"lazy\" decoding=\"async\" width=\"1024\" height=\"704\" src=\"https:\/\/tvc16.com\/portal\/wp-content\/uploads\/2022\/06\/ambiente-2-1024x704.jpg\" alt=\"\" class=\"wp-image-37530\" srcset=\"https:\/\/tvc16.com\/portal\/wp-content\/uploads\/2022\/06\/ambiente-2-1024x704.jpg 1024w, https:\/\/tvc16.com\/portal\/wp-content\/uploads\/2022\/06\/ambiente-2-300x206.jpg 300w, https:\/\/tvc16.com\/portal\/wp-content\/uploads\/2022\/06\/ambiente-2-768x528.jpg 768w, https:\/\/tvc16.com\/portal\/wp-content\/uploads\/2022\/06\/ambiente-2.jpg 1157w\" sizes=\"auto, (max-width: 1024px) 100vw, 1024px\" \/><\/figure>\n\n\n\n<p>Durante a semana que passou a Secretaria de Meio Ambiente promoveu uma palestra sobre coleta seletiva para os alunos da E. M. Manoel Rodrigues e tem muito mais programa\u00e7\u00e3o nos pr\u00f3ximos dias. Veja abaixo:<\/p>\n\n\n\n<p>06\/06 \u2013 \u00c0s 9h &#8211; Plantio de mudas nativas de Mata Atl\u00e2ntica no terreno da Associa\u00e7\u00e3o de moradores do bairro Coqueiros, com os alunos da Escola Municipal Manoel Rodrigues &#8211; A\u00e7\u00e3o do Projeto Caminho das \u00c1guas em parceria com a Secretaria de Educa\u00e7\u00e3o;<\/p>\n\n\n\n<p>06\/06 \u2013 \u00c0s 14h &#8211; Plantio de mudas nativas de Mata Atl\u00e2ntica, ao entorno da nascente no bairro da Granja Calif\u00f3rnia com os alunos da E. E. M. Leopoldo Pullig &#8211; A\u00e7\u00e3o do Projeto Caminho das \u00c1guas em parceria com a Secretaria de Educa\u00e7\u00e3o;<\/p>\n\n\n\n<p>De 07 a 10\/06 &#8211; Apresenta\u00e7\u00e3o da Pe\u00e7a teatral \u201cCada lixo no seu lugar\u201d com a Cia de Teatro Arte na Garagem em algumas escolas do Munic\u00edpio e no Centro Cultural.<\/p>\n\n\n\n<p>10\/06 \u2013 \u00c0s 9h &#8211; Reflorestamento permanente na Pousada das Casuarinas;<\/p>\n","protected":false},"excerpt":{"rendered":"<p>Na Semana do Meio Ambiente, a Prefeitura de Paty do Alferes est\u00e1 com uma programa\u00e7\u00e3o<\/p>\n","protected":false},"author":2,"featured_media":37529,"comment_status":"open","ping_status":"open","sticky":false,"template":"","format":"standard","meta":{"footnotes":""},"categories":[19,17,13],"tags":[],"class_list":["post-37528","post","type-post","status-publish","format-standard","has-post-thumbnail","hentry","category-educacao","category-outras-noticias","category-saude"],"_links":{"self":[{"href":"https:\/\/tvc16.com\/portal\/wp-json\/wp\/v2\/posts\/37528","targetHints":{"allow":["GET"]}}],"collection":[{"href":"https:\/\/tvc16.com\/portal\/wp-json\/wp\/v2\/posts"}],"about":[{"href":"https:\/\/tvc16.com\/portal\/wp-json\/wp\/v2\/types\/post"}],"author":[{"embeddable":true,"href":"https:\/\/tvc16.com\/portal\/wp-json\/wp\/v2\/users\/2"}],"replies":[{"embeddable":true,"href":"https:\/\/tvc16.com\/portal\/wp-json\/wp\/v2\/comments?post=37528"}],"version-history":[{"count":1,"href":"https:\/\/tvc16.com\/portal\/wp-json\/wp\/v2\/posts\/37528\/revisions"}],"predecessor-version":[{"id":37531,"href":"https:\/\/tvc16.com\/portal\/wp-json\/wp\/v2\/posts\/37528\/revisions\/37531"}],"wp:featuredmedia":[{"embeddable":true,"href":"https:\/\/tvc16.com\/portal\/wp-json\/wp\/v2\/media\/37529"}],"wp:attachment":[{"href":"https:\/\/tvc16.com\/portal\/wp-json\/wp\/v2\/media?parent=37528"}],"wp:term":[{"taxonomy":"category","embeddable":true,"href":"https:\/\/tvc16.com\/portal\/wp-json\/wp\/v2\/categories?post=37528"},{"taxonomy":"post_tag","embeddable":true,"href":"https:\/\/tvc16.com\/portal\/wp-json\/wp\/v2\/tags?post=37528"}],"curies":[{"name":"wp","href":"https:\/\/api.w.org\/{rel}","templated":true}]}}