{"id":37532,"date":"2022-06-05T10:40:00","date_gmt":"2022-06-05T13:40:00","guid":{"rendered":"https:\/\/tvc16.com\/portal\/?p=37532"},"modified":"2022-06-05T10:40:02","modified_gmt":"2022-06-05T13:40:02","slug":"festival-livmundi-promete-movimentar-as-cabecas-pensantes-do-pais-durante-todo-o-mes-de-junho","status":"publish","type":"post","link":"https:\/\/tvc16.com\/portal\/2022\/06\/05\/festival-livmundi-promete-movimentar-as-cabecas-pensantes-do-pais-durante-todo-o-mes-de-junho\/","title":{"rendered":"Festival LivMundi promete movimentar as cabe\u00e7as pensantes do pais durante todo o m\u00eas de Junho"},"content":{"rendered":"\n<p>Neste Domingo, dia 05\/06, comemora-se o Dia Mundial do Meio Ambiente e ao longo de todos os finais de semana do m\u00eas de Junho, vai acontecer um Festival chamado LivMundi, que surgiu em 2016, com o objetivo de incentivar mais pessoas a transgredir no meio socioambiental e buscar solu\u00e7\u00f5es para os problemas do Brasil e do mundo.<\/p>\n\n\n\n<p>A novidade desse ano, \u00e9 que numa curadoria in\u00e9dita est\u00e3o 7 jovens de 5 estados do pa\u00eds e o tem \u00e9 &#8230; &#8220;Qual Presente Eu Deixo no Presente?&#8221; e atrav\u00e9s dele, pensar em Exist\u00eancias Transformadoras, e Brasis Coexistentes.<\/p>\n\n\n\n<p>05 de Junho: presencial na Arena Carioca Dicr\u00f3 (Penha, RJ)<\/p>\n\n\n\n<p>11 e 12 de Junho: presencial no Parque Lage (Jardim Bot\u00e2nico, Rio de Janeiro)<\/p>\n\n\n\n<p>18 de junho: presencial no Gueto Hub (Bel\u00e9m, PA);<\/p>\n\n\n\n<p>24, 25 e 26 de Junho: Festival Online para todo o Brasil, diretamente no seu celular, computador ou TV,<\/p>\n\n\n\n<p>Para se inscrever gratuitamente no festival, basta fazer a inscri\u00e7\u00e3o em: &nbsp;<a href=\"http:\/\/www.festivallivmundi.org\">www.festivallivmundi.org<\/a><\/p>\n","protected":false},"excerpt":{"rendered":"<p>Neste Domingo, dia 05\/06, comemora-se o Dia Mundial do Meio Ambiente e ao longo de<\/p>\n","protected":false},"author":2,"featured_media":37533,"comment_status":"open","ping_status":"open","sticky":false,"template":"","format":"standard","meta":{"footnotes":""},"categories":[21,18,19,17,15,13],"tags":[],"class_list":["post-37532","post","type-post","status-publish","format-standard","has-post-thumbnail","hentry","category-cultura","category-economia","category-educacao","category-outras-noticias","category-politica","category-saude"],"_links":{"self":[{"href":"https:\/\/tvc16.com\/portal\/wp-json\/wp\/v2\/posts\/37532","targetHints":{"allow":["GET"]}}],"collection":[{"href":"https:\/\/tvc16.com\/portal\/wp-json\/wp\/v2\/posts"}],"about":[{"href":"https:\/\/tvc16.com\/portal\/wp-json\/wp\/v2\/types\/post"}],"author":[{"embeddable":true,"href":"https:\/\/tvc16.com\/portal\/wp-json\/wp\/v2\/users\/2"}],"replies":[{"embeddable":true,"href":"https:\/\/tvc16.com\/portal\/wp-json\/wp\/v2\/comments?post=37532"}],"version-history":[{"count":1,"href":"https:\/\/tvc16.com\/portal\/wp-json\/wp\/v2\/posts\/37532\/revisions"}],"predecessor-version":[{"id":37534,"href":"https:\/\/tvc16.com\/portal\/wp-json\/wp\/v2\/posts\/37532\/revisions\/37534"}],"wp:featuredmedia":[{"embeddable":true,"href":"https:\/\/tvc16.com\/portal\/wp-json\/wp\/v2\/media\/37533"}],"wp:attachment":[{"href":"https:\/\/tvc16.com\/portal\/wp-json\/wp\/v2\/media?parent=37532"}],"wp:term":[{"taxonomy":"category","embeddable":true,"href":"https:\/\/tvc16.com\/portal\/wp-json\/wp\/v2\/categories?post=37532"},{"taxonomy":"post_tag","embeddable":true,"href":"https:\/\/tvc16.com\/portal\/wp-json\/wp\/v2\/tags?post=37532"}],"curies":[{"name":"wp","href":"https:\/\/api.w.org\/{rel}","templated":true}]}}