{"id":37535,"date":"2022-06-05T12:40:00","date_gmt":"2022-06-05T15:40:00","guid":{"rendered":"https:\/\/tvc16.com\/portal\/?p=37535"},"modified":"2022-06-05T12:04:05","modified_gmt":"2022-06-05T15:04:05","slug":"clube-29-de-junho-lanca-edital-para-escolha-da-rainha-e-princesas-da-bauernfest-2022","status":"publish","type":"post","link":"https:\/\/tvc16.com\/portal\/2022\/06\/05\/clube-29-de-junho-lanca-edital-para-escolha-da-rainha-e-princesas-da-bauernfest-2022\/","title":{"rendered":"Clube 29 de Junho lan\u00e7a edital para escolha da Rainha e Princesas da Bauernfest 2022"},"content":{"rendered":"\n<p>O concurso tem como finalidade escolher aquelas que v\u00e3o&nbsp; representar a trig\u00e9sima terceira edi\u00e7\u00e3o desta tracidional festa petropolitana, que marca a chegada dos colonos alem\u00e3es a Petr\u00f3polis.<\/p>\n\n\n\n<p>Ser\u00e1 realizado no dia 25 de Junho, \u00e0s 19h, em lugar a ser definido e divulgado em breve.<\/p>\n\n\n\n<p>O mandato vai se estender da data da coroa\u00e7\u00e3o at\u00e9 a realiza\u00e7\u00e3o do concurso do ano que vem. Os vencedores do concurso anterior, que ainda est\u00e3o no per\u00edodo de seu reinado, est\u00e3o impedidos de se inscreverem para esta edi\u00e7\u00e3o do concurso.<\/p>\n\n\n\n<figure class=\"wp-block-image size-full\"><img loading=\"lazy\" decoding=\"async\" width=\"600\" height=\"400\" src=\"https:\/\/tvc16.com\/portal\/wp-content\/uploads\/2022\/06\/bauern-3.jpg\" alt=\"\" class=\"wp-image-37537\" srcset=\"https:\/\/tvc16.com\/portal\/wp-content\/uploads\/2022\/06\/bauern-3.jpg 600w, https:\/\/tvc16.com\/portal\/wp-content\/uploads\/2022\/06\/bauern-3-300x200.jpg 300w\" sizes=\"auto, (max-width: 600px) 100vw, 600px\" \/><\/figure>\n\n\n\n<p>Para participar \u00e9 preciso entre 20 e 30 anos apurados no dia do evento; Ser residente na cidade de Petr\u00f3polis h\u00e1, no m\u00ednimo, dois anos; Ter conhecimento sobre a hist\u00f3ria e o significado da BAUERNFEST; Usar traje campon\u00eas no dia do Concurso; e Ser descendente de alem\u00e3es e\/ou fazer parte de algum Grupo Folcl\u00f3rico Germ\u00e2nico da cidade.<\/p>\n\n\n\n<p>As inscri\u00e7\u00f5es v\u00e3o ser realizadas pelo Instituto Municipal de Cultura (IMC), via online atrav\u00e9s do endere\u00e7o: forms.gle\/sAHfFno2szWGCnZ8A, e pode ser feitas at\u00e9 o dia 19 de Junho de 2022.<\/p>\n\n\n\n<figure class=\"wp-block-image size-large\"><img loading=\"lazy\" decoding=\"async\" width=\"1024\" height=\"683\" src=\"https:\/\/tvc16.com\/portal\/wp-content\/uploads\/2022\/06\/bauern-4-1024x683.jpg\" alt=\"\" class=\"wp-image-37538\" srcset=\"https:\/\/tvc16.com\/portal\/wp-content\/uploads\/2022\/06\/bauern-4-1024x683.jpg 1024w, https:\/\/tvc16.com\/portal\/wp-content\/uploads\/2022\/06\/bauern-4-300x200.jpg 300w, https:\/\/tvc16.com\/portal\/wp-content\/uploads\/2022\/06\/bauern-4-768x512.jpg 768w, https:\/\/tvc16.com\/portal\/wp-content\/uploads\/2022\/06\/bauern-4-1536x1024.jpg 1536w, https:\/\/tvc16.com\/portal\/wp-content\/uploads\/2022\/06\/bauern-4-900x600.jpg 900w, https:\/\/tvc16.com\/portal\/wp-content\/uploads\/2022\/06\/bauern-4.jpg 1600w\" sizes=\"auto, (max-width: 1024px) 100vw, 1024px\" \/><\/figure>\n\n\n\n<p>As eleitas precisam se comprometer a N\u00e3o faltar a nenhum compromisso do evento, exceto por motivos de for\u00e7a maior; Comparecer aos ensaios que poder\u00e3o ser marcados pela organiza\u00e7\u00e3o; Comparecer a todos os dias da Bauernfest; Cumprir todos os compromissos que exijam sua presen\u00e7a, os quais poder\u00e3o incluir viagens; e Acatar as decis\u00f5es da Comiss\u00e3o Organizadora e do IMC.<\/p>\n","protected":false},"excerpt":{"rendered":"<p>O concurso tem como finalidade escolher aquelas que v\u00e3o&nbsp; representar a trig\u00e9sima terceira edi\u00e7\u00e3o desta<\/p>\n","protected":false},"author":2,"featured_media":37536,"comment_status":"open","ping_status":"open","sticky":true,"template":"","format":"standard","meta":{"footnotes":""},"categories":[12,21,264],"tags":[],"class_list":["post-37535","post","type-post","status-publish","format-standard","has-post-thumbnail","hentry","category-cidade","category-cultura","category-destaque"],"_links":{"self":[{"href":"https:\/\/tvc16.com\/portal\/wp-json\/wp\/v2\/posts\/37535","targetHints":{"allow":["GET"]}}],"collection":[{"href":"https:\/\/tvc16.com\/portal\/wp-json\/wp\/v2\/posts"}],"about":[{"href":"https:\/\/tvc16.com\/portal\/wp-json\/wp\/v2\/types\/post"}],"author":[{"embeddable":true,"href":"https:\/\/tvc16.com\/portal\/wp-json\/wp\/v2\/users\/2"}],"replies":[{"embeddable":true,"href":"https:\/\/tvc16.com\/portal\/wp-json\/wp\/v2\/comments?post=37535"}],"version-history":[{"count":1,"href":"https:\/\/tvc16.com\/portal\/wp-json\/wp\/v2\/posts\/37535\/revisions"}],"predecessor-version":[{"id":37539,"href":"https:\/\/tvc16.com\/portal\/wp-json\/wp\/v2\/posts\/37535\/revisions\/37539"}],"wp:featuredmedia":[{"embeddable":true,"href":"https:\/\/tvc16.com\/portal\/wp-json\/wp\/v2\/media\/37536"}],"wp:attachment":[{"href":"https:\/\/tvc16.com\/portal\/wp-json\/wp\/v2\/media?parent=37535"}],"wp:term":[{"taxonomy":"category","embeddable":true,"href":"https:\/\/tvc16.com\/portal\/wp-json\/wp\/v2\/categories?post=37535"},{"taxonomy":"post_tag","embeddable":true,"href":"https:\/\/tvc16.com\/portal\/wp-json\/wp\/v2\/tags?post=37535"}],"curies":[{"name":"wp","href":"https:\/\/api.w.org\/{rel}","templated":true}]}}