{"id":37540,"date":"2022-06-05T13:04:00","date_gmt":"2022-06-05T16:04:00","guid":{"rendered":"https:\/\/tvc16.com\/portal\/?p=37540"},"modified":"2022-06-05T12:12:47","modified_gmt":"2022-06-05T15:12:47","slug":"prefeitura-amplia-aplicacao-da-quarta-dose-da-vacina-contra-covid-19-para-pessoas-com-mais-de-50-anos-e-trabalhadores-da-saude","status":"publish","type":"post","link":"https:\/\/tvc16.com\/portal\/2022\/06\/05\/prefeitura-amplia-aplicacao-da-quarta-dose-da-vacina-contra-covid-19-para-pessoas-com-mais-de-50-anos-e-trabalhadores-da-saude\/","title":{"rendered":"Petropolis amplia aplica\u00e7\u00e3o da quarta dose da vacina contra covid-19 para pessoas com mais de 50 anos e trabalhadores da sa\u00fade"},"content":{"rendered":"\n<p>Pessoas com mais de 50 anos e trabalhadores da sa\u00fade j\u00e1 podem tomar a quarta dose (segundo refor\u00e7o) da vacina contra covid-19. A amplia\u00e7\u00e3o segue orienta\u00e7\u00e3o da nota t\u00e9cnica divulgada pelo Minist\u00e9rio da Sa\u00fade e em Petr\u00f3polis, esse novo p\u00fablico deve procurar um dos postos disponibilizados pela Secretaria de Sa\u00fade, a partir desta segunda-feira. Por\u00e9m, \u00e9 necess\u00e1rio respeitar o intervalo de quatro meses da data de aplica\u00e7\u00e3o da dose anterior.<\/p>\n\n\n\n<p>\u201cO segundo refor\u00e7o aumenta em mais de cinco vezes a imunidade uma semana ap\u00f3s a aplica\u00e7\u00e3o. Por isso, \u00e9 importante que as pessoas continuem aderindo a vacina\u00e7\u00e3o e se protegendo\u201d, disse o prefeito Rubens Bomtempo.<\/p>\n\n\n\n<p>De acordo com o secret\u00e1rio de Sa\u00fade Marcus Curvelo, a Nota T\u00e9cnica recomendando a amplia\u00e7\u00e3o da quarta dose (segunda refor\u00e7o) para as faixas et\u00e1rias, orienta, preferencialmente, a utiliza\u00e7\u00e3o do imunizante da Pfizer, por\u00e9m, tamb\u00e9m podem ser usadas as vacinas da Janssen ou AstraZeneca, independentemente da dose utilizada anteriormente. &#8220;Outra orienta\u00e7\u00e3o \u00e9 relacionada ao intervalo entre a terceira e quarta dose, que deve ser de quatro meses\u201d, explica Curvelo.<\/p>\n\n\n\n<p>Para receber o imunizante, n\u00e3o \u00e9 preciso se cadastrar. Basta que o idoso v\u00e1 a um dos postos de vacina\u00e7\u00e3o disponibilizados pela Secretaria de Sa\u00fade. \u00c9 necess\u00e1rio a apresenta\u00e7\u00e3o do cart\u00e3o de vacina, assim como o CPF ou o cart\u00e3o SUS.<\/p>\n\n\n\n<p>Pontos de vacina\u00e7\u00e3o:<\/p>\n\n\n\n<ul class=\"wp-block-list\"><li>CENTRO DE SA\u00daDE (CENTRO)<br>Segunda a sexta-feira 8h30 \u00e0s 19h00<br>S\u00e1bado 08h30 \u00e0s 16h30<\/li><li>UBS MORIN<br>Segunda a sexta-feira de 8h30 \u00e0s 16h30<\/li><li>UBS ITAIPAVA<br>Segunda a sexta-feira de 8h30 \u00e0s 19h<\/li><li>UBS QUITANDINHA<br>Segunda a Sexta feira, de 8h30 \u00e0s 19h<br>Aos s\u00e1bados de 8h30 \u00e0s 16h30<\/li><li>UBS ITAMARATI<br>Segunda a Sexta feira de 8h30 \u00e0s 19h<br>Aos S\u00e1bados 8h30 \u00e0s 16h30<\/li><li>ESF POSSE<br>Segunda a Sexta de 7h30 \u00e0s 16h30<\/li><li>ESF MENINO JESUS DE PRAGA<br>Segunda a Sexta de 8h \u00e0s 16h<\/li><\/ul>\n","protected":false},"excerpt":{"rendered":"<p>Pessoas com mais de 50 anos e trabalhadores da sa\u00fade j\u00e1 podem tomar a quarta<\/p>\n","protected":false},"author":2,"featured_media":37541,"comment_status":"open","ping_status":"open","sticky":false,"template":"","format":"standard","meta":{"footnotes":""},"categories":[12,13],"tags":[],"class_list":["post-37540","post","type-post","status-publish","format-standard","has-post-thumbnail","hentry","category-cidade","category-saude"],"_links":{"self":[{"href":"https:\/\/tvc16.com\/portal\/wp-json\/wp\/v2\/posts\/37540","targetHints":{"allow":["GET"]}}],"collection":[{"href":"https:\/\/tvc16.com\/portal\/wp-json\/wp\/v2\/posts"}],"about":[{"href":"https:\/\/tvc16.com\/portal\/wp-json\/wp\/v2\/types\/post"}],"author":[{"embeddable":true,"href":"https:\/\/tvc16.com\/portal\/wp-json\/wp\/v2\/users\/2"}],"replies":[{"embeddable":true,"href":"https:\/\/tvc16.com\/portal\/wp-json\/wp\/v2\/comments?post=37540"}],"version-history":[{"count":3,"href":"https:\/\/tvc16.com\/portal\/wp-json\/wp\/v2\/posts\/37540\/revisions"}],"predecessor-version":[{"id":37544,"href":"https:\/\/tvc16.com\/portal\/wp-json\/wp\/v2\/posts\/37540\/revisions\/37544"}],"wp:featuredmedia":[{"embeddable":true,"href":"https:\/\/tvc16.com\/portal\/wp-json\/wp\/v2\/media\/37541"}],"wp:attachment":[{"href":"https:\/\/tvc16.com\/portal\/wp-json\/wp\/v2\/media?parent=37540"}],"wp:term":[{"taxonomy":"category","embeddable":true,"href":"https:\/\/tvc16.com\/portal\/wp-json\/wp\/v2\/categories?post=37540"},{"taxonomy":"post_tag","embeddable":true,"href":"https:\/\/tvc16.com\/portal\/wp-json\/wp\/v2\/tags?post=37540"}],"curies":[{"name":"wp","href":"https:\/\/api.w.org\/{rel}","templated":true}]}}