{"id":37546,"date":"2022-06-05T15:00:00","date_gmt":"2022-06-05T18:00:00","guid":{"rendered":"https:\/\/tvc16.com\/portal\/?p=37546"},"modified":"2022-06-05T14:51:49","modified_gmt":"2022-06-05T17:51:49","slug":"campanha-de-vacinacao-contra-influenza-e-prorrogada-ate-o-dia-24-de-junho-em-petropolis","status":"publish","type":"post","link":"https:\/\/tvc16.com\/portal\/2022\/06\/05\/campanha-de-vacinacao-contra-influenza-e-prorrogada-ate-o-dia-24-de-junho-em-petropolis\/","title":{"rendered":"Campanha de vacina\u00e7\u00e3o contra Influenza \u00e9 prorrogada at\u00e9 o dia 24 de junho em Petr\u00f3polis"},"content":{"rendered":"\n<p>A campanha de vacina\u00e7\u00e3o contra a Influenza foi prorrogada at\u00e9 24 de junho para os grupos priorit\u00e1rios. At\u00e9 l\u00e1, idosos maiores de 60 anos, crian\u00e7as de 6 meses a menores de 5 anos, gestantes, pu\u00e9rperas, professores devem procurar um dos 34 postos disponibilizados pela Prefeitura entre o primeiro e o quinto distrito. A vacina\u00e7\u00e3o acontece de 8h30 \u00e0s 15h30 exceto para unidades de \u00e1rea rural que encerram \u00e0s 14h30 e as que fazem terceiro turno, at\u00e9 \u00e0s 19h.<\/p>\n\n\n\n<p>Pessoas com comorbidades e defici\u00eancia permanente, caminhoneiros e trabalhadores de transporte coletivo, for\u00e7a de seguran\u00e7a e salvamento, popula\u00e7\u00e3o privada de liberdade e jovens em medidas socioeducativas, tamb\u00e9m est\u00e3o inclu\u00eddos.<\/p>\n\n\n\n<p>Locais vacina\u00e7\u00e3o Influenza<\/p>\n\n\n\n<p>CENTRO DE SA\u00daDE<br>Terminal Rodovi\u00e1rio do Centro<br>PSF ALTO DA SERRA<br>UBS MORIN<br>UBS ALTO INDEPEND\u00caNCIA<br>UBS QUITANDINHA<br>PSF SANT\u00cdSSIMA TRINDADE<br>PSF BAIRRO CASTRIOTO<br>PSF COMUNIDADE S\u00c3O JO\u00c3O BATISTA<br>UBS MOSELA<br>PSF MOINHO PRETO<br>PSF PEDRAS BRANCAS<br>AMBULAT\u00d3RIO ESCOLA<br>UBS ITAMARATI<br>HOSPITAL ALCIDES CARNEIRO<br>PSF CARANGOLA<br>PSF VALE DO CARANGOLA<br>PSF FAZENDA INGLESA<br>UBS ARARAS<br>PSF \u00c1GUAS LINDAS<br>UBS ITAIPAVA<br>PSF COMUNIDADE PRIMEIRO DE MAIO<br>PSF BOA ESPERAN\u00c7A<br>UBS PEDRO DO RIO<br>PSF SECRET\u00c1RIO<br>PSF POSSE<br>PSF BREJAL<br>PSF CAXAMBU SANTA ISABEL<br>PSF MEIO DA SERRA<br>PSF VILA FELIPE<br>PSF DR THOUZET<br>PSF C M JESUS DE PRAGA<br>PSF BATALLARD<br>PSF VALE DAS VIDEIRAS<\/p>\n","protected":false},"excerpt":{"rendered":"<p>A campanha de vacina\u00e7\u00e3o contra a Influenza foi prorrogada at\u00e9 24 de junho para os<\/p>\n","protected":false},"author":2,"featured_media":37547,"comment_status":"open","ping_status":"open","sticky":true,"template":"","format":"standard","meta":{"footnotes":""},"categories":[12,13],"tags":[],"class_list":["post-37546","post","type-post","status-publish","format-standard","has-post-thumbnail","hentry","category-cidade","category-saude"],"_links":{"self":[{"href":"https:\/\/tvc16.com\/portal\/wp-json\/wp\/v2\/posts\/37546","targetHints":{"allow":["GET"]}}],"collection":[{"href":"https:\/\/tvc16.com\/portal\/wp-json\/wp\/v2\/posts"}],"about":[{"href":"https:\/\/tvc16.com\/portal\/wp-json\/wp\/v2\/types\/post"}],"author":[{"embeddable":true,"href":"https:\/\/tvc16.com\/portal\/wp-json\/wp\/v2\/users\/2"}],"replies":[{"embeddable":true,"href":"https:\/\/tvc16.com\/portal\/wp-json\/wp\/v2\/comments?post=37546"}],"version-history":[{"count":1,"href":"https:\/\/tvc16.com\/portal\/wp-json\/wp\/v2\/posts\/37546\/revisions"}],"predecessor-version":[{"id":37548,"href":"https:\/\/tvc16.com\/portal\/wp-json\/wp\/v2\/posts\/37546\/revisions\/37548"}],"wp:featuredmedia":[{"embeddable":true,"href":"https:\/\/tvc16.com\/portal\/wp-json\/wp\/v2\/media\/37547"}],"wp:attachment":[{"href":"https:\/\/tvc16.com\/portal\/wp-json\/wp\/v2\/media?parent=37546"}],"wp:term":[{"taxonomy":"category","embeddable":true,"href":"https:\/\/tvc16.com\/portal\/wp-json\/wp\/v2\/categories?post=37546"},{"taxonomy":"post_tag","embeddable":true,"href":"https:\/\/tvc16.com\/portal\/wp-json\/wp\/v2\/tags?post=37546"}],"curies":[{"name":"wp","href":"https:\/\/api.w.org\/{rel}","templated":true}]}}