{"id":37549,"date":"2022-06-05T16:00:00","date_gmt":"2022-06-05T19:00:00","guid":{"rendered":"https:\/\/tvc16.com\/portal\/?p=37549"},"modified":"2022-06-05T15:40:42","modified_gmt":"2022-06-05T18:40:42","slug":"governo-do-estado-implanta-no-pavilhao-de-sao-cristovao-a-primeira-base-operacional-do-samu-na-capital","status":"publish","type":"post","link":"https:\/\/tvc16.com\/portal\/2022\/06\/05\/governo-do-estado-implanta-no-pavilhao-de-sao-cristovao-a-primeira-base-operacional-do-samu-na-capital\/","title":{"rendered":"Governo do Estado implanta no Pavilh\u00e3o de S\u00e3o Crist\u00f3v\u00e3o a primeira base operacional do Samu na capital"},"content":{"rendered":"\n<p><em>Posto 24 horas ter\u00e1 motol\u00e2ncias e ambul\u00e2ncias para ampliar atendimento na Zona Norte e no Centro da capital<\/em><\/p>\n\n\n\n<p>O governador Cl\u00e1udio Castro inaugurou, neste s\u00e1bado (04\/06), a primeira base operacional descentralizada do Servi\u00e7o de Atendimento M\u00f3vel de Urg\u00eancia (Samu) na capital do Rio de Janeiro. Localizado no Pavilh\u00e3o de S\u00e3o Crist\u00f3v\u00e3o, o novo posto 24 horas funcionar\u00e1 com duas motol\u00e2ncias e duas ambul\u00e2ncias &#8211; uma b\u00e1sica e uma avan\u00e7ada. A base \u00e9 estrat\u00e9gica para ampliar a capacidade de atua\u00e7\u00e3o na Zona Norte carioca, atendendo principalmente os bairros de S\u00e3o Crist\u00f3v\u00e3o, Vila Isabel, Tijuca, Andara\u00ed, Graja\u00fa, Mangueira e Centro, al\u00e9m de ajudar a desafogar os hospitais locais.<\/p>\n\n\n\n<figure class=\"wp-block-image size-full\"><img loading=\"lazy\" decoding=\"async\" width=\"799\" height=\"529\" src=\"https:\/\/tvc16.com\/portal\/wp-content\/uploads\/2022\/06\/52122497381_663755af91_c.jpg\" alt=\"\" class=\"wp-image-37551\" srcset=\"https:\/\/tvc16.com\/portal\/wp-content\/uploads\/2022\/06\/52122497381_663755af91_c.jpg 799w, https:\/\/tvc16.com\/portal\/wp-content\/uploads\/2022\/06\/52122497381_663755af91_c-300x199.jpg 300w, https:\/\/tvc16.com\/portal\/wp-content\/uploads\/2022\/06\/52122497381_663755af91_c-768x508.jpg 768w\" sizes=\"auto, (max-width: 799px) 100vw, 799px\" \/><\/figure>\n\n\n\n<p>&#8211; Nesses 21 meses \u00e0 frente do governo, eu venho dizendo que a Sa\u00fade precisa ser descentralizada e ficar sempre perto do povo. Quando falo isso, muitos pensam em quem mora no interior, por\u00e9m, tamb\u00e9m falo das pessoas da capital, onde o Samu perde muito tempo para chegar porque a cidade do Rio tem um problema s\u00e9rio de tr\u00e2nsito. \u00c9 por isso que essas bases s\u00e3o muito importantes, pois vai levar sa\u00fade para nossa popula\u00e7\u00e3o, encurtando espa\u00e7os e o tempo &#8211; disse Cl\u00e1udio Castro.<\/p>\n\n\n\n<p>Atualmente, a regi\u00e3o concentra cerca de 1.300 atendimentos por m\u00eas junto \u00e0 Central de Atendimentos 192, incluindo o socorro em vias p\u00fablicas, atendimentos domiciliares, psiqui\u00e1tricos e transfer\u00eancias emergenciais entre hospitais. O Samu capital recebe, por m\u00eas, cerca de 25 mil chamados. O cidad\u00e3o pode solicitar o servi\u00e7o por meio da Central 192 do Rio de Janeiro.<\/p>\n\n\n\n<figure class=\"wp-block-image size-full\"><img loading=\"lazy\" decoding=\"async\" width=\"800\" height=\"432\" src=\"https:\/\/tvc16.com\/portal\/wp-content\/uploads\/2022\/06\/52122497411_7ce7a0f5a3_c.jpg\" alt=\"\" class=\"wp-image-37552\" srcset=\"https:\/\/tvc16.com\/portal\/wp-content\/uploads\/2022\/06\/52122497411_7ce7a0f5a3_c.jpg 800w, https:\/\/tvc16.com\/portal\/wp-content\/uploads\/2022\/06\/52122497411_7ce7a0f5a3_c-300x162.jpg 300w, https:\/\/tvc16.com\/portal\/wp-content\/uploads\/2022\/06\/52122497411_7ce7a0f5a3_c-768x415.jpg 768w\" sizes=\"auto, (max-width: 800px) 100vw, 800px\" \/><\/figure>\n\n\n\n<p>&#8211; A localiza\u00e7\u00e3o da nova base \u00e9 estrat\u00e9gica para que possamos agilizar o socorro \u00e0 popula\u00e7\u00e3o daquela \u00e1rea. Reduzir o tempo de resposta do Samu aos chamados impacta diretamente no desfecho da ocorr\u00eancia &#8211; disse o secret\u00e1rio de Estado de Sa\u00fade, Alexandre Chieppe.&nbsp;<\/p>\n\n\n\n<p>Outras bases descentralizadas do Servi\u00e7o come\u00e7ar\u00e3o a operar, nesta segunda-feira (06\/04), no Hospital Estadual Eduardo Rabelo e nas UPAs Jacarepagu\u00e1, Ricardo de Albuquerque, Campo Grande I, Bangu e Iraj\u00e1.<\/p>\n\n\n\n<p>&#8211; A amplia\u00e7\u00e3o do n\u00famero de bases representa uma grande conquista para o Samu, significa a coroa\u00e7\u00e3o de um servi\u00e7o que, sob a gest\u00e3o da Secretaria de Sa\u00fade, aumentou o n\u00famero de atendimentos de 9 mil, em janeiro de 2021, para 13 mil atualmente. S\u00e3o cerca de 1.200 profissionais m\u00e9dicos, enfermeiros, t\u00e9cnicos de enfermagens, farmac\u00eauticos, assistentes sociais, condutores socorristas e administrativos, dedicados e em constante treinamento, com compromisso de salvar vidas \u2013 disse o coordenador-geral do Samu na capital, Luciano Sarmento.<\/p>\n\n\n\n<p>A ambul\u00e2ncia avan\u00e7ada tem como equipe um m\u00e9dico, um enfermeiro e um condutor, sendo habilitada para interven\u00e7\u00f5es avan\u00e7adas, como monitoramento por equipamentos em casos graves. J\u00e1 no ve\u00edculo b\u00e1sico s\u00e3o realizados procedimentos de menor risco, com v\u00edtimas est\u00e1veis, sendo operado por um t\u00e9cnico de enfermagem e um condutor.<\/p>\n","protected":false},"excerpt":{"rendered":"<p>Posto 24 horas ter\u00e1 motol\u00e2ncias e ambul\u00e2ncias para ampliar atendimento na Zona Norte e no<\/p>\n","protected":false},"author":2,"featured_media":37550,"comment_status":"open","ping_status":"open","sticky":false,"template":"","format":"standard","meta":{"footnotes":""},"categories":[17,15,13],"tags":[],"class_list":["post-37549","post","type-post","status-publish","format-standard","has-post-thumbnail","hentry","category-outras-noticias","category-politica","category-saude"],"_links":{"self":[{"href":"https:\/\/tvc16.com\/portal\/wp-json\/wp\/v2\/posts\/37549","targetHints":{"allow":["GET"]}}],"collection":[{"href":"https:\/\/tvc16.com\/portal\/wp-json\/wp\/v2\/posts"}],"about":[{"href":"https:\/\/tvc16.com\/portal\/wp-json\/wp\/v2\/types\/post"}],"author":[{"embeddable":true,"href":"https:\/\/tvc16.com\/portal\/wp-json\/wp\/v2\/users\/2"}],"replies":[{"embeddable":true,"href":"https:\/\/tvc16.com\/portal\/wp-json\/wp\/v2\/comments?post=37549"}],"version-history":[{"count":1,"href":"https:\/\/tvc16.com\/portal\/wp-json\/wp\/v2\/posts\/37549\/revisions"}],"predecessor-version":[{"id":37553,"href":"https:\/\/tvc16.com\/portal\/wp-json\/wp\/v2\/posts\/37549\/revisions\/37553"}],"wp:featuredmedia":[{"embeddable":true,"href":"https:\/\/tvc16.com\/portal\/wp-json\/wp\/v2\/media\/37550"}],"wp:attachment":[{"href":"https:\/\/tvc16.com\/portal\/wp-json\/wp\/v2\/media?parent=37549"}],"wp:term":[{"taxonomy":"category","embeddable":true,"href":"https:\/\/tvc16.com\/portal\/wp-json\/wp\/v2\/categories?post=37549"},{"taxonomy":"post_tag","embeddable":true,"href":"https:\/\/tvc16.com\/portal\/wp-json\/wp\/v2\/tags?post=37549"}],"curies":[{"name":"wp","href":"https:\/\/api.w.org\/{rel}","templated":true}]}}