{"id":37557,"date":"2022-06-05T17:00:00","date_gmt":"2022-06-05T20:00:00","guid":{"rendered":"https:\/\/tvc16.com\/portal\/?p=37557"},"modified":"2022-06-05T16:22:43","modified_gmt":"2022-06-05T19:22:43","slug":"agricultores-familiares-terao-incentivo-para-producao-de-energias-renovaveis","status":"publish","type":"post","link":"https:\/\/tvc16.com\/portal\/2022\/06\/05\/agricultores-familiares-terao-incentivo-para-producao-de-energias-renovaveis\/","title":{"rendered":"Agricultores familiares ter\u00e3o incentivo para produ\u00e7\u00e3o de energias renov\u00e1veis"},"content":{"rendered":"\n<p>A Comiss\u00e3o de Constitui\u00e7\u00e3o e Justi\u00e7a e de Cidadania da C\u00e2mara dos Deputados aprovou, em car\u00e1ter conclusivo, o\u00a0Projeto de Lei 6.325\/16, do deputado\u00a0Pedro Uczai (PT-SC), que inclui na pol\u00edtica agr\u00edcola o incentivo \u00e0 aquisi\u00e7\u00e3o de equipamentos para a produ\u00e7\u00e3o de energias renov\u00e1veis, principalmente na agricultura familiar.<\/p>\n\n\n\n<figure class=\"wp-block-image size-large\"><img loading=\"lazy\" decoding=\"async\" width=\"1024\" height=\"768\" src=\"https:\/\/tvc16.com\/portal\/wp-content\/uploads\/2022\/06\/energias-3-1024x768.jpg\" alt=\"\" class=\"wp-image-37559\" srcset=\"https:\/\/tvc16.com\/portal\/wp-content\/uploads\/2022\/06\/energias-3-1024x768.jpg 1024w, https:\/\/tvc16.com\/portal\/wp-content\/uploads\/2022\/06\/energias-3-300x225.jpg 300w, https:\/\/tvc16.com\/portal\/wp-content\/uploads\/2022\/06\/energias-3-768x576.jpg 768w, https:\/\/tvc16.com\/portal\/wp-content\/uploads\/2022\/06\/energias-3-200x150.jpg 200w, https:\/\/tvc16.com\/portal\/wp-content\/uploads\/2022\/06\/energias-3.jpg 1280w\" sizes=\"auto, (max-width: 1024px) 100vw, 1024px\" \/><\/figure>\n\n\n\n<p>Linhas de cr\u00e9dito diferenciadas poder\u00e3o ser usadas na compra de aparelhos para energia solar, energia e\u00f3lica ou biomassa. A proposta seguir\u00e1 para o Senado caso n\u00e3o haja recurso para vota\u00e7\u00e3o no Plen\u00e1rio da C\u00e2mara.<\/p>\n\n\n\n<p>O relator, deputado\u00a0Rubens Pereira J\u00fanior (PT-MA), recomendou a aprova\u00e7\u00e3o do projeto. Atualmente, a pol\u00edtica agr\u00edcola incentiva prioritariamente a constru\u00e7\u00e3o de pequenas centrais hidrel\u00e9tricas (PCHs) e termoel\u00e9tricas, atividades de eletrifica\u00e7\u00e3o rural e programas de florestamento energ\u00e9tico, entre outros.<\/p>\n\n\n\n<p>O deputado\u00a0Lucas Redecker (PSDB-RS)\u00a0tamb\u00e9m defendeu a proposta. Ele espera que o produtor rural, ao gerar energia, consiga abater o cr\u00e9dito na conta de luz e diminuir os custos de produ\u00e7\u00e3o.<\/p>\n\n\n\n<p>O deputado\u00a0Pompeo de Mattos (PDT-RS)\u00a0destacou a import\u00e2ncia da gera\u00e7\u00e3o de energia el\u00e9trica no campo. &#8220;\u00c9 fundamental que isso aconte\u00e7a para que o agricultor n\u00e3o viva como eu vivi, \u00e0 base de lampi\u00e3o de banha, lampi\u00e3o de azeite, lampi\u00e3o de querosene&#8221;, comentou.<\/p>\n\n\n\n<p>O deputado\u00a0Luiz\u00e3o Goulart (Solidariedade-PR)\u00a0lembrou que, apesar dos avan\u00e7os na eletrifica\u00e7\u00e3o rural, h\u00e1 muitas regi\u00f5es em que o pequeno agricultor e a fam\u00edlia que reside no campo n\u00e3o t\u00eam a op\u00e7\u00e3o da energia el\u00e9trica por rede. &#8220;Por isso todo incentivo para aquisi\u00e7\u00e3o de equipamentos para gerar a pr\u00f3pria energia, e\u00f3lica e de biomassa. Hoje a gente n\u00e3o admite que um produtor rural viva sem energia el\u00e9trica. Porque para tudo ele precisa da energia el\u00e9trica&#8221;, disse Luiz\u00e3o.<\/p>\n","protected":false},"excerpt":{"rendered":"<p>A Comiss\u00e3o de Constitui\u00e7\u00e3o e Justi\u00e7a e de Cidadania da C\u00e2mara dos Deputados aprovou, em<\/p>\n","protected":false},"author":2,"featured_media":37558,"comment_status":"open","ping_status":"open","sticky":false,"template":"","format":"standard","meta":{"footnotes":""},"categories":[18,19,17,15],"tags":[],"class_list":["post-37557","post","type-post","status-publish","format-standard","has-post-thumbnail","hentry","category-economia","category-educacao","category-outras-noticias","category-politica"],"_links":{"self":[{"href":"https:\/\/tvc16.com\/portal\/wp-json\/wp\/v2\/posts\/37557","targetHints":{"allow":["GET"]}}],"collection":[{"href":"https:\/\/tvc16.com\/portal\/wp-json\/wp\/v2\/posts"}],"about":[{"href":"https:\/\/tvc16.com\/portal\/wp-json\/wp\/v2\/types\/post"}],"author":[{"embeddable":true,"href":"https:\/\/tvc16.com\/portal\/wp-json\/wp\/v2\/users\/2"}],"replies":[{"embeddable":true,"href":"https:\/\/tvc16.com\/portal\/wp-json\/wp\/v2\/comments?post=37557"}],"version-history":[{"count":1,"href":"https:\/\/tvc16.com\/portal\/wp-json\/wp\/v2\/posts\/37557\/revisions"}],"predecessor-version":[{"id":37560,"href":"https:\/\/tvc16.com\/portal\/wp-json\/wp\/v2\/posts\/37557\/revisions\/37560"}],"wp:featuredmedia":[{"embeddable":true,"href":"https:\/\/tvc16.com\/portal\/wp-json\/wp\/v2\/media\/37558"}],"wp:attachment":[{"href":"https:\/\/tvc16.com\/portal\/wp-json\/wp\/v2\/media?parent=37557"}],"wp:term":[{"taxonomy":"category","embeddable":true,"href":"https:\/\/tvc16.com\/portal\/wp-json\/wp\/v2\/categories?post=37557"},{"taxonomy":"post_tag","embeddable":true,"href":"https:\/\/tvc16.com\/portal\/wp-json\/wp\/v2\/tags?post=37557"}],"curies":[{"name":"wp","href":"https:\/\/api.w.org\/{rel}","templated":true}]}}