{"id":37561,"date":"2022-06-05T18:00:00","date_gmt":"2022-06-05T21:00:00","guid":{"rendered":"https:\/\/tvc16.com\/portal\/?p=37561"},"modified":"2022-06-05T16:59:45","modified_gmt":"2022-06-05T19:59:45","slug":"petropolis-torna-montanhismo-patrimonio-municipal","status":"publish","type":"post","link":"https:\/\/tvc16.com\/portal\/2022\/06\/05\/petropolis-torna-montanhismo-patrimonio-municipal\/","title":{"rendered":"Petr\u00f3polis torna o Montanhismo Patrim\u00f4nio Municipal"},"content":{"rendered":"\n<p>No Dia do Meio Ambiente, prefeito reconhece por decreto o valor cultural da atividade<\/p>\n\n\n\n<p>O reconhecimento do montanhismo como Patrim\u00f4nio Cultural Imaterial de Petr\u00f3polis marcou as celebra\u00e7\u00f5es da Prefeitura pela passagem do Dia Mundial do Meio Ambiente, neste domingo (5). A valoriza\u00e7\u00e3o oficial das atividades de subida e escalada de montanhas no munic\u00edpio, tradi\u00e7\u00e3o que remonta ao s\u00e9culo XIX, foi formaliza por decreto assinado pelo prefeito Rubens Bomtempo em cerim\u00f4nia no Parque Natural Municipal Padre Quinha, na Avenida Ipiranga, Centro.<\/p>\n\n\n\n<figure class=\"wp-block-image size-large\"><img loading=\"lazy\" decoding=\"async\" width=\"683\" height=\"1024\" src=\"https:\/\/tvc16.com\/portal\/wp-content\/uploads\/2022\/06\/WhatsApp-Image-2022-06-05-at-16.50.19-683x1024.jpeg\" alt=\"\" class=\"wp-image-37563\" srcset=\"https:\/\/tvc16.com\/portal\/wp-content\/uploads\/2022\/06\/WhatsApp-Image-2022-06-05-at-16.50.19-683x1024.jpeg 683w, https:\/\/tvc16.com\/portal\/wp-content\/uploads\/2022\/06\/WhatsApp-Image-2022-06-05-at-16.50.19-200x300.jpeg 200w, https:\/\/tvc16.com\/portal\/wp-content\/uploads\/2022\/06\/WhatsApp-Image-2022-06-05-at-16.50.19-768x1152.jpeg 768w, https:\/\/tvc16.com\/portal\/wp-content\/uploads\/2022\/06\/WhatsApp-Image-2022-06-05-at-16.50.19-1024x1536.jpeg 1024w, https:\/\/tvc16.com\/portal\/wp-content\/uploads\/2022\/06\/WhatsApp-Image-2022-06-05-at-16.50.19.jpeg 1066w\" sizes=\"auto, (max-width: 683px) 100vw, 683px\" \/><\/figure>\n\n\n\n<p>O prefeito destacou a import\u00e2ncia da defesa do meio ambiente, insepar\u00e1vel do montanhismo, para que Petr\u00f3polis seja cada vez mais &#8220;viva, saud\u00e1vel e sustent\u00e1vel&#8221;. Bomtempo associou a celebra\u00e7\u00e3o da data \u00e0 resist\u00eancia diante do enfraquecimento atual de conquistas ambientais do pa\u00eds nas \u00faltimas d\u00e9cadas e citou como exemplo a ser seguido a exist\u00eancia do parque natural. &#8220;Que este parque possa se transformar num centro de refer\u00eancia para o estudo da Mata Atl\u00e2ntica&#8221;, defendeu.<\/p>\n\n\n\n<p>No decreto que torna o montanhismo um patrim\u00f4nio municipal, a Prefeitura considera que &#8220;as montanhas s\u00e3o elementos importantes na caracteriza\u00e7\u00e3o da paisagem petropolitana e ocupam lugar de destaque na divulga\u00e7\u00e3o da imagem da cidade como destino de turismo&#8221;. Ao Instituto Municipal de Cultura (IMC), determina o decreto 130\/22, caber\u00e1 salvaguardar a mem\u00f3ria da atividade, zelando por sua promo\u00e7\u00e3o como &#8220;patrim\u00f4nio de enorme relev\u00e2ncia para o munic\u00edpio&#8221;.<\/p>\n\n\n\n<p>Em ato simb\u00f3lico pela preserva\u00e7\u00e3o da Mata Atl\u00e2ntica, o prefeito Rubens Bomtempo plantou uma muda de ip\u00ea-rosa, ao lado de secret\u00e1rios municipais e montanhistas. O secret\u00e1rio de Meio Ambiente, Carlos Alberto Muniz, que tamb\u00e9m p\u00f4s na terra uma muda da mesma esp\u00e9cie, foi outro a ressaltar a import\u00e2ncia da resist\u00eancia ambiental, com o alerta de que &#8220;v\u00e1rias conquistas est\u00e3o sendo posts em risco&#8221; na \u00e1rea, inclu\u00edda a prote\u00e7\u00e3o das popula\u00e7\u00f5es ind\u00edgenas e seus territ\u00f3rios.<\/p>\n\n\n\n<p>A eleva\u00e7\u00e3o do montanhismo \u00e0 condi\u00e7\u00e3o de patrim\u00f4nio municipal foi saudada pela presidente do Centro Excursionista Petropolitano (CEP), Let\u00edcia Fliess, como &#8220;uma consolida\u00e7\u00e3o e prote\u00e7\u00e3o de nossa pr\u00e1tica, que respeita e preserva os s\u00edtios naturais&#8221;. Let\u00edcia assinalou que o munic\u00edpio se destaca por dispor de mais de 100 trilhas, para percursos a p\u00e9, e mais de 500 vias de escalada, que requerem preparo t\u00e9cnico e equipamentos.<\/p>\n\n\n\n<p>A presidente do CEP estima que o montanhismo \u00e9 praticado por duas mil pessoas em Petr\u00f3polis. Um dos marcos da atividade de vencer montanhas no munic\u00edpio, praticada desde o Imp\u00e9rio, foi a primeira escalada com mais de mil metros no pais, em 1993, no Pico da Maria Comprida, em Araras. Let\u00edcia salientou que o montanhismo tem op\u00e7\u00f5es locais para todas as idades, condi\u00e7\u00f5es f\u00edsicas e preparo t\u00e9cnico, a come\u00e7ar pelo Pico do Castelo, no Morin, uma caminhada de 45 minutos.<\/p>\n","protected":false},"excerpt":{"rendered":"<p>No Dia do Meio Ambiente, prefeito reconhece por decreto o valor cultural da atividade O<\/p>\n","protected":false},"author":2,"featured_media":37562,"comment_status":"open","ping_status":"open","sticky":true,"template":"","format":"standard","meta":{"footnotes":""},"categories":[12,21,18,19,20,15],"tags":[],"class_list":["post-37561","post","type-post","status-publish","format-standard","has-post-thumbnail","hentry","category-cidade","category-cultura","category-economia","category-educacao","category-esporte","category-politica"],"_links":{"self":[{"href":"https:\/\/tvc16.com\/portal\/wp-json\/wp\/v2\/posts\/37561","targetHints":{"allow":["GET"]}}],"collection":[{"href":"https:\/\/tvc16.com\/portal\/wp-json\/wp\/v2\/posts"}],"about":[{"href":"https:\/\/tvc16.com\/portal\/wp-json\/wp\/v2\/types\/post"}],"author":[{"embeddable":true,"href":"https:\/\/tvc16.com\/portal\/wp-json\/wp\/v2\/users\/2"}],"replies":[{"embeddable":true,"href":"https:\/\/tvc16.com\/portal\/wp-json\/wp\/v2\/comments?post=37561"}],"version-history":[{"count":2,"href":"https:\/\/tvc16.com\/portal\/wp-json\/wp\/v2\/posts\/37561\/revisions"}],"predecessor-version":[{"id":37565,"href":"https:\/\/tvc16.com\/portal\/wp-json\/wp\/v2\/posts\/37561\/revisions\/37565"}],"wp:featuredmedia":[{"embeddable":true,"href":"https:\/\/tvc16.com\/portal\/wp-json\/wp\/v2\/media\/37562"}],"wp:attachment":[{"href":"https:\/\/tvc16.com\/portal\/wp-json\/wp\/v2\/media?parent=37561"}],"wp:term":[{"taxonomy":"category","embeddable":true,"href":"https:\/\/tvc16.com\/portal\/wp-json\/wp\/v2\/categories?post=37561"},{"taxonomy":"post_tag","embeddable":true,"href":"https:\/\/tvc16.com\/portal\/wp-json\/wp\/v2\/tags?post=37561"}],"curies":[{"name":"wp","href":"https:\/\/api.w.org\/{rel}","templated":true}]}}