{"id":3762,"date":"2020-10-24T00:20:04","date_gmt":"2020-10-24T00:20:04","guid":{"rendered":"https:\/\/tvc16.com\/portal\/?p=3762"},"modified":"2020-10-24T00:20:04","modified_gmt":"2020-10-24T00:20:04","slug":"fundacao-abrinq-premio-crianca-2020","status":"publish","type":"post","link":"https:\/\/tvc16.com\/portal\/2020\/10\/24\/fundacao-abrinq-premio-crianca-2020\/","title":{"rendered":"FUNDA\u00c7\u00c3O ABRINQ: PR\u00caMIO CRIAN\u00c7A 2020"},"content":{"rendered":"\n<p><br>O\u202fPr\u00eamio Crian\u00e7a 2020\u202freconhecer\u00e1 as iniciativas vencedoras no dia 27 de outubro de 2020 por meio de uma transmiss\u00e3o online.<\/p>\n\n\n\n<p>Neste ano, o Pr\u00eamio tem como objetivo retratar a import\u00e2ncia da sa\u00fade mental, em especial para as crian\u00e7as e os adolescentes. Por isso, reconhecer\u00e1 projetos\u00a0que atuam\u00a0em prol\u00a0da sa\u00fade mental na inf\u00e2ncia e adolesc\u00eancia.\u00a0<\/p>\n","protected":false},"excerpt":{"rendered":"<p>O\u202fPr\u00eamio Crian\u00e7a 2020\u202freconhecer\u00e1 as iniciativas vencedoras no dia 27 de outubro de 2020 por meio<\/p>\n","protected":false},"author":2,"featured_media":3763,"comment_status":"open","ping_status":"open","sticky":false,"template":"","format":"standard","meta":{"footnotes":""},"categories":[17],"tags":[],"class_list":["post-3762","post","type-post","status-publish","format-standard","has-post-thumbnail","hentry","category-outras-noticias"],"_links":{"self":[{"href":"https:\/\/tvc16.com\/portal\/wp-json\/wp\/v2\/posts\/3762","targetHints":{"allow":["GET"]}}],"collection":[{"href":"https:\/\/tvc16.com\/portal\/wp-json\/wp\/v2\/posts"}],"about":[{"href":"https:\/\/tvc16.com\/portal\/wp-json\/wp\/v2\/types\/post"}],"author":[{"embeddable":true,"href":"https:\/\/tvc16.com\/portal\/wp-json\/wp\/v2\/users\/2"}],"replies":[{"embeddable":true,"href":"https:\/\/tvc16.com\/portal\/wp-json\/wp\/v2\/comments?post=3762"}],"version-history":[{"count":1,"href":"https:\/\/tvc16.com\/portal\/wp-json\/wp\/v2\/posts\/3762\/revisions"}],"predecessor-version":[{"id":3764,"href":"https:\/\/tvc16.com\/portal\/wp-json\/wp\/v2\/posts\/3762\/revisions\/3764"}],"wp:featuredmedia":[{"embeddable":true,"href":"https:\/\/tvc16.com\/portal\/wp-json\/wp\/v2\/media\/3763"}],"wp:attachment":[{"href":"https:\/\/tvc16.com\/portal\/wp-json\/wp\/v2\/media?parent=3762"}],"wp:term":[{"taxonomy":"category","embeddable":true,"href":"https:\/\/tvc16.com\/portal\/wp-json\/wp\/v2\/categories?post=3762"},{"taxonomy":"post_tag","embeddable":true,"href":"https:\/\/tvc16.com\/portal\/wp-json\/wp\/v2\/tags?post=3762"}],"curies":[{"name":"wp","href":"https:\/\/api.w.org\/{rel}","templated":true}]}}