{"id":3769,"date":"2020-10-24T18:54:25","date_gmt":"2020-10-24T18:54:25","guid":{"rendered":"https:\/\/tvc16.com\/portal\/?p=3769"},"modified":"2020-10-24T18:54:25","modified_gmt":"2020-10-24T18:54:25","slug":"jovem-e-detido-por-posse-e-uso-de-drogas","status":"publish","type":"post","link":"https:\/\/tvc16.com\/portal\/2020\/10\/24\/jovem-e-detido-por-posse-e-uso-de-drogas\/","title":{"rendered":"Jovem \u00e9 detido por posse e uso de drogas"},"content":{"rendered":"\n<p>Na sexta-feira (23) um rapaz de 19 anos, que estava em uma motocicleta, recebeu uma ordem de parada de agentes da Pol\u00edcia Militar, na Rua Vital Brasil, no Sim\u00e9ria, e tentou fugir em alta velocidade. Os PMs foram atr\u00e1s do suspeito e o encontraram mais a frente ca\u00eddo no ch\u00e3o e com ferimentos leves, ap\u00f3s sofrer uma queda com o ve\u00edculo.<\/p>\n\n\n\n<p>Durante a revista pessoal foi encontrado um tablete pequeno de maconha e R$ 88 em dinheiro. Aos policiais ele disse ter fugido por estar com a droga e sem capacete. Em seguida o rapaz foi levado para a UPA onde recebeu atendimento, e em seguida encaminhado para a 105\u00aa Delegacia de Pol\u00edcia, no Retiro, onde foi autuado por posse e uso de entorpecentes. Ele foi liberado em seguida. Vale ressaltar que o mesmo j\u00e1 possu\u00eda anota\u00e7\u00e3o criminal por tr\u00e1fico de drogas.<\/p>\n","protected":false},"excerpt":{"rendered":"<p>Na sexta-feira (23) um rapaz de 19 anos, que estava em uma motocicleta, recebeu uma<\/p>\n","protected":false},"author":2,"featured_media":3770,"comment_status":"open","ping_status":"open","sticky":false,"template":"","format":"standard","meta":{"footnotes":""},"categories":[12],"tags":[],"class_list":["post-3769","post","type-post","status-publish","format-standard","has-post-thumbnail","hentry","category-cidade"],"_links":{"self":[{"href":"https:\/\/tvc16.com\/portal\/wp-json\/wp\/v2\/posts\/3769","targetHints":{"allow":["GET"]}}],"collection":[{"href":"https:\/\/tvc16.com\/portal\/wp-json\/wp\/v2\/posts"}],"about":[{"href":"https:\/\/tvc16.com\/portal\/wp-json\/wp\/v2\/types\/post"}],"author":[{"embeddable":true,"href":"https:\/\/tvc16.com\/portal\/wp-json\/wp\/v2\/users\/2"}],"replies":[{"embeddable":true,"href":"https:\/\/tvc16.com\/portal\/wp-json\/wp\/v2\/comments?post=3769"}],"version-history":[{"count":1,"href":"https:\/\/tvc16.com\/portal\/wp-json\/wp\/v2\/posts\/3769\/revisions"}],"predecessor-version":[{"id":3771,"href":"https:\/\/tvc16.com\/portal\/wp-json\/wp\/v2\/posts\/3769\/revisions\/3771"}],"wp:featuredmedia":[{"embeddable":true,"href":"https:\/\/tvc16.com\/portal\/wp-json\/wp\/v2\/media\/3770"}],"wp:attachment":[{"href":"https:\/\/tvc16.com\/portal\/wp-json\/wp\/v2\/media?parent=3769"}],"wp:term":[{"taxonomy":"category","embeddable":true,"href":"https:\/\/tvc16.com\/portal\/wp-json\/wp\/v2\/categories?post=3769"},{"taxonomy":"post_tag","embeddable":true,"href":"https:\/\/tvc16.com\/portal\/wp-json\/wp\/v2\/tags?post=3769"}],"curies":[{"name":"wp","href":"https:\/\/api.w.org\/{rel}","templated":true}]}}