{"id":377,"date":"2020-09-12T02:03:20","date_gmt":"2020-09-12T02:03:20","guid":{"rendered":"https:\/\/tvc16.com\/portal\/?p=377"},"modified":"2020-09-12T02:03:20","modified_gmt":"2020-09-12T02:03:20","slug":"habeas-corpus-coletivo-suspende-temporariamente-retorno-de-presos-devido-a-pandemia","status":"publish","type":"post","link":"https:\/\/tvc16.com\/portal\/2020\/09\/12\/habeas-corpus-coletivo-suspende-temporariamente-retorno-de-presos-devido-a-pandemia\/","title":{"rendered":"Habeas Corpus coletivo suspende temporariamente retorno de presos devido \u00e0 pandemia"},"content":{"rendered":"\n<p>Medida vale para cerca de dois mil presos em regime semiaberto com permiss\u00e3o de sa\u00edda tempor\u00e1ria para visita \u00e0 fam\u00edlia ou sa\u00eddas terap\u00eauticas<\/p>\n\n\n\n<p><br>\u00a0A Defensoria P\u00fablica do Rio de Janeiro, atrav\u00e9s da Coordena\u00e7\u00e3o de Defesa Criminal e do N\u00facleo do Sistema Penitenci\u00e1rio, obteve Habeas Corpus coletivo para que as pessoas que est\u00e3o cumprindo pena em regime semiaberto (com permiss\u00e3o de sa\u00edda tempor\u00e1ria para visita \u00e0 fam\u00edlia ou sa\u00eddas terap\u00eauticas) n\u00e3o retornem \u00e0s suas unidades prisionais de origem, permanecendo em pris\u00e3o domiciliar temporariamente. O pedido se deu por car\u00e1ter exclusivamente sanit\u00e1rio: o risco que o retorno dessas pessoas ao sistema prisional poder\u00e1 acarretar, considerando a pandemia do coronav\u00edrus, de modo a evitar a sua propaga\u00e7\u00e3o dentre os que est\u00e3o privados de liberdade. Estima-se que cerca de dois mil presos sejam beneficiados com a medida.<\/p>\n\n\n\n<p>Em julho, a justi\u00e7a determinou que a Secretaria de Estado de Administra\u00e7\u00e3o Penitenci\u00e1ria (SEAP) apresentasse um planejamento de retorno, que inclu\u00edsse todas as medidas de seguran\u00e7a. O plano foi apresentado, mas a Defensoria P\u00fablica questionou, pois era vago e impreciso, n\u00e3o indicando crit\u00e9rios de controle epidemiol\u00f3gico e ado\u00e7\u00e3o de medidas m\u00ednimas de preven\u00e7\u00e3o. Por isso, a institui\u00e7\u00e3o pediu nova prorroga\u00e7\u00e3o do retorno dos apenados, o que manteve o regresso suspenso.&nbsp;<\/p>\n\n\n\n<p>Contudo, o prazo para retorno de parte desse grupo iniciaria j\u00e1 no dia 10 de setembro e as lacunas do planejamento da SEAP quanto a volta desses presos se mant\u00e9m. Assim sendo, em raz\u00e3o da aus\u00eancia de requisitos sanit\u00e1rios m\u00ednimos do plano apresentado, o que certamente aumenta o risco de contamina\u00e7\u00e3o dos internos, funcion\u00e1rios e apenados que dever\u00e3o retornar \u00e0s unidades de origem, a desembargadora Maria Sandra Kayat Direito, da Vara de Execu\u00e7\u00f5es Penais, determinou que ainda persistem as raz\u00f5es sanit\u00e1rias para a prorroga\u00e7\u00e3o das medidas.<\/p>\n\n\n\n<p>\u2013 Recebemos com grande alegria que o Tribunal de Justi\u00e7a do Rio de Janeiro, em sede de liminar, deferiu o pedido da Defensoria P\u00fablica, porque assim se evitar\u00e1 uma transmiss\u00e3o pela COVID-19 nas unidades prisionais, o que poderia gerar uma contamina\u00e7\u00e3o sem controle dentro do sistema prisional com o retorno de centenas de pessoas que desde mar\u00e7o cumprem pris\u00e3o domiciliar. Vale ressaltar que a SEAP n\u00e3o apresentou, em sua manifesta\u00e7\u00e3o dirigida \u00e0 Vara de Execu\u00e7\u00f5es Penais, crit\u00e9rios concretos e salutares de controle epidemiol\u00f3gico e ado\u00e7\u00e3o de medidas m\u00ednimas de preven\u00e7\u00e3o, como, por exemplo, a indica\u00e7\u00e3o de locais adequados em que as pessoas que retornarem permanecer\u00e3o em regime de isolamento em cada um dos estabelecimentos prisionais \u2013&nbsp;destacou o coordenador do Nuspen, defensor Daniel Diamantaras.<\/p>\n","protected":false},"excerpt":{"rendered":"<p>Medida vale para cerca de dois mil presos em regime semiaberto com permiss\u00e3o de sa\u00edda<\/p>\n","protected":false},"author":2,"featured_media":378,"comment_status":"open","ping_status":"open","sticky":false,"template":"","format":"standard","meta":{"footnotes":""},"categories":[17],"tags":[],"class_list":["post-377","post","type-post","status-publish","format-standard","has-post-thumbnail","hentry","category-outras-noticias"],"_links":{"self":[{"href":"https:\/\/tvc16.com\/portal\/wp-json\/wp\/v2\/posts\/377","targetHints":{"allow":["GET"]}}],"collection":[{"href":"https:\/\/tvc16.com\/portal\/wp-json\/wp\/v2\/posts"}],"about":[{"href":"https:\/\/tvc16.com\/portal\/wp-json\/wp\/v2\/types\/post"}],"author":[{"embeddable":true,"href":"https:\/\/tvc16.com\/portal\/wp-json\/wp\/v2\/users\/2"}],"replies":[{"embeddable":true,"href":"https:\/\/tvc16.com\/portal\/wp-json\/wp\/v2\/comments?post=377"}],"version-history":[{"count":1,"href":"https:\/\/tvc16.com\/portal\/wp-json\/wp\/v2\/posts\/377\/revisions"}],"predecessor-version":[{"id":379,"href":"https:\/\/tvc16.com\/portal\/wp-json\/wp\/v2\/posts\/377\/revisions\/379"}],"wp:featuredmedia":[{"embeddable":true,"href":"https:\/\/tvc16.com\/portal\/wp-json\/wp\/v2\/media\/378"}],"wp:attachment":[{"href":"https:\/\/tvc16.com\/portal\/wp-json\/wp\/v2\/media?parent=377"}],"wp:term":[{"taxonomy":"category","embeddable":true,"href":"https:\/\/tvc16.com\/portal\/wp-json\/wp\/v2\/categories?post=377"},{"taxonomy":"post_tag","embeddable":true,"href":"https:\/\/tvc16.com\/portal\/wp-json\/wp\/v2\/tags?post=377"}],"curies":[{"name":"wp","href":"https:\/\/api.w.org\/{rel}","templated":true}]}}