{"id":3778,"date":"2020-10-24T18:59:22","date_gmt":"2020-10-24T18:59:22","guid":{"rendered":"https:\/\/tvc16.com\/portal\/?p=3778"},"modified":"2020-10-24T18:59:22","modified_gmt":"2020-10-24T18:59:22","slug":"o-dia-d-da-campanha-outubro-rosa","status":"publish","type":"post","link":"https:\/\/tvc16.com\/portal\/2020\/10\/24\/o-dia-d-da-campanha-outubro-rosa\/","title":{"rendered":"O Dia D da Campanha Outubro Rosa"},"content":{"rendered":"\n<p>Teve in\u00edcio \u00e0s 08h deste s\u00e1bado o Dia D da Campanha Outubro Rosa 2020. De acordo com o cronograma divulgado, o Centro de Sa\u00fade est\u00e1 realizando a\u00e7\u00f5es espec\u00edficas para todas as mulheres. O mutir\u00e3o est\u00e1 oferecendo, hoje, 100 exames de coleta de preventivo, busca ativa de faltosos de patologia cervical \u00e0s pacientes de les\u00f5es pr\u00e9-oncol\u00f3gicas, consultas de ginecologia, nutri\u00e7\u00e3o, odontologia e psicologia, al\u00e9m de testes r\u00e1pidos de S\u00edfilis, HIV e Hepatites. No local, as mulheres tamb\u00e9m est\u00e3o recebendo orienta\u00e7\u00f5es sobre atividades f\u00edsicas realizadas por educadores. Todas as consultas foram agendadas e est\u00e3o operando com intervalo m\u00ednimo de 30 minutos para que sejam evitadas as aglomera\u00e7\u00f5es e realizadas limpeza e higieniza\u00e7\u00e3o dos consult\u00f3rios.<\/p>\n\n\n\n<p>Outro local de atendimento pela campanha neste s\u00e1bado \u00e9 o Hospital Alcides Carneiro. Desde \u00e0s 08h, cerca de 150 mulheres que j\u00e1 haviam feito seus agendamentos no Centro de Imagens da unidade est\u00e3o realizando exames de mamografia e ultrassonografia transvaginal. A lojista M\u00e1rcia Pereira foi uma das pacientes que que passaram pelo atendimento, ainda antes das 9h. \u201cFiquei muito feliz quando recebi a liga\u00e7\u00e3o do Hospital Alcides Carneiro. Vinha esperando h\u00e1 algum tempo pra fazer meus exames por causa dessa loucura causada pela pandemia e adorei a oportunidade de fazer num s\u00e1bado e n\u00e3o precisar faltar ao trabalho. Fiquei bem satisfeita com o atendimento dos funcion\u00e1rios e com a educa\u00e7\u00e3o, tanto por telefone quanto pessoalmente aqui\u201d, disse.<\/p>\n\n\n\n<p>No ambulat\u00f3rio da unidade, outras 210 mulheres agendadas tamb\u00e9m est\u00e3o realizando coleta de preventivo, procedimentos espec\u00edficos como acupuntura e consultas com m\u00e9dicos cardiologistas, cl\u00ednicos e ortopedistas. As a\u00e7\u00f5es previstas no Dia D da Campanha Outubro Rosa t\u00eam o objetivo de dar ainda mais agilidade aos atendimentos e procedimentos voltados \u00e0s mulheres no munic\u00edpio. Vale lembrar que na pr\u00f3xima ter\u00e7a-feira (27\/10), outras 35 pacientes ser\u00e3o atendidas na realiza\u00e7\u00e3o de exames de ultrassonografia transvaginal, mamografia e resson\u00e2ncia de mama, entre 17h e 22h, no Hospital Alcides Carneiro. Dia 31, e \u00faltimo dia da campanha, est\u00e3o agendados mais 24 exames de mamografia.<\/p>\n\n\n\n<p>Pacientes devem manter seus cadastros atualizados<\/p>\n\n\n\n<p>Com a retomada das atividades eletivas na sa\u00fade do munic\u00edpio, a prefeitura vem fazendo uma programa\u00e7\u00e3o de mutir\u00f5es para agilizar todos os atendimentos de consultas, exames e cirurgias em Petr\u00f3polis. Diante da necessidade de reagendamento, a Secretaria de Sa\u00fade informa que vem encontrando grande dificuldade de contato com pacientes que aguardam pela realiza\u00e7\u00e3o de exames. Segundo a secret\u00e1ria de sa\u00fade, Fab\u00edola Heck, muitos t\u00eam deixado de manter seus cadastros atualizados nas unidades de sa\u00fade do munic\u00edpio. \u201cNossas equipes v\u00eam entrando em contato para fazer o reagendamento dos procedimentos, mas muitas pessoas n\u00e3o est\u00e3o sendo localizadas porque deixaram seus cadastros desatualizados. Elas trocam de telefone e n\u00e3o avisam nada nos postos. Na \u00faltima semana, de cem pacientes contatados apenas 25 foram localizados. Isso acaba travando o andamento do trabalho e prejudicando os pr\u00f3prios pacientes\u201d, explicou a secret\u00e1ria. A Secretaria de Sa\u00fade informa, ainda, para que pacientes que n\u00e3o receberem a liga\u00e7\u00e3o das unidades at\u00e9 o pr\u00f3ximo m\u00eas de novembro, retornem aos locais onde foram atendidos para que possam atualizar seus cadastros e refazer seus pedidos de exames.<\/p>\n\n\n\n<p>A demanda de pacientes para os atendimentos eletivos se formou nos \u00faltimos seis meses, entre mar\u00e7o e setembro deste ano, quando todos os procedimentos tiveram sua realiza\u00e7\u00e3o suspensa devido \u00e0s medidas de seguran\u00e7a para o enfrentamento da COVID-19 na cidade.<\/p>\n\n\n\n<p>Hoje, Dia D da campanha, as consultas vem sendo realizadas em todas as Unidades de Sa\u00fade, tais como Postos de Sa\u00fade da Fam\u00edlia, Unidades B\u00e1sicas de Sa\u00fade, Centro de Sa\u00fade e Ambulat\u00f3rio Escola do Hospital Alcides Carneiro. Vale dizer que as obras de adapta\u00e7\u00e3o do novo mam\u00f3grafo digital do Centro de Sa\u00fade tiveram in\u00edcio no \u00faltimo dia 13 de outubro e tem previs\u00e3o de entrega para o m\u00eas de novembro.<\/p>\n\n\n\n<p>Acompanhe, abaixo, os locais de atendimento \u00e0 popula\u00e7\u00e3o feminina neste s\u00e1bado, 24 de outubro, entre 08h e 17h.<\/p>\n\n\n\n<ul class=\"wp-block-list\"><li>Vila Rica<\/li><li>Jardim Salvador<\/li><li>Retiro<\/li><li>Castelo<\/li><li>Vila Felipe<\/li><li>Secret\u00e1rio<\/li><li>Castelo S\u00e3o Manoel<\/li><li>Menino Jesus<\/li><li>Moinho Preto<\/li><li>S\u00e3o Jo\u00e3o Batista<\/li><li>Sant\u00edssima Trindade<\/li><li>Alto Sim\u00e9ria<\/li><li>Secret\u00e1rio<\/li><li>Fazenda Inglesa<\/li><li>\u00c1guas Lindas<\/li><li>Estrada II<\/li><li>Machado Fagundes<\/li><li>UBS Morin \/ Retiro \/ Itamarati \/ Mosela \/ Quitandinha \/ Pedro do Rio \/ Araras<\/li><li>Posse I, II e III<\/li><li>Alto da Serra I, II, III e IV<\/li><li>Carangola II<\/li><li>Vale do Carangola<\/li><li>Vila Sa\u00fade<\/li><li>Amazonas<\/li><li>Thouzet<\/li><li>Caxambu<\/li><li>Santa Isabel<\/li><li>Pedras Brancas<\/li><li>Castrioto<\/li><li>Bataillard<\/li><li>Mosela<\/li><li>Campo do Lusitano<\/li><li>Lajinha<\/li><li>Vale das Videiras<\/li><li>24 de Maio<\/li><\/ul>\n","protected":false},"excerpt":{"rendered":"<p>Teve in\u00edcio \u00e0s 08h deste s\u00e1bado o Dia D da Campanha Outubro Rosa 2020. De<\/p>\n","protected":false},"author":2,"featured_media":3780,"comment_status":"open","ping_status":"open","sticky":false,"template":"","format":"standard","meta":{"footnotes":""},"categories":[12],"tags":[],"class_list":["post-3778","post","type-post","status-publish","format-standard","has-post-thumbnail","hentry","category-cidade"],"_links":{"self":[{"href":"https:\/\/tvc16.com\/portal\/wp-json\/wp\/v2\/posts\/3778","targetHints":{"allow":["GET"]}}],"collection":[{"href":"https:\/\/tvc16.com\/portal\/wp-json\/wp\/v2\/posts"}],"about":[{"href":"https:\/\/tvc16.com\/portal\/wp-json\/wp\/v2\/types\/post"}],"author":[{"embeddable":true,"href":"https:\/\/tvc16.com\/portal\/wp-json\/wp\/v2\/users\/2"}],"replies":[{"embeddable":true,"href":"https:\/\/tvc16.com\/portal\/wp-json\/wp\/v2\/comments?post=3778"}],"version-history":[{"count":1,"href":"https:\/\/tvc16.com\/portal\/wp-json\/wp\/v2\/posts\/3778\/revisions"}],"predecessor-version":[{"id":3781,"href":"https:\/\/tvc16.com\/portal\/wp-json\/wp\/v2\/posts\/3778\/revisions\/3781"}],"wp:featuredmedia":[{"embeddable":true,"href":"https:\/\/tvc16.com\/portal\/wp-json\/wp\/v2\/media\/3780"}],"wp:attachment":[{"href":"https:\/\/tvc16.com\/portal\/wp-json\/wp\/v2\/media?parent=3778"}],"wp:term":[{"taxonomy":"category","embeddable":true,"href":"https:\/\/tvc16.com\/portal\/wp-json\/wp\/v2\/categories?post=3778"},{"taxonomy":"post_tag","embeddable":true,"href":"https:\/\/tvc16.com\/portal\/wp-json\/wp\/v2\/tags?post=3778"}],"curies":[{"name":"wp","href":"https:\/\/api.w.org\/{rel}","templated":true}]}}