{"id":3788,"date":"2020-10-24T19:04:57","date_gmt":"2020-10-24T19:04:57","guid":{"rendered":"https:\/\/tvc16.com\/portal\/?p=3788"},"modified":"2020-10-24T19:04:57","modified_gmt":"2020-10-24T19:04:57","slug":"ha-risco-de-temporais-na-regiao-serrana-nos-proximos-dias","status":"publish","type":"post","link":"https:\/\/tvc16.com\/portal\/2020\/10\/24\/ha-risco-de-temporais-na-regiao-serrana-nos-proximos-dias\/","title":{"rendered":"H\u00e1 risco de temporais na Regi\u00e3o Serrana nos pr\u00f3ximos dias"},"content":{"rendered":"\n<p>Centro Nacional de Monitoramento e Alertas de Desastres Naturais faz alerta para pr\u00f3ximos dias <\/p>\n\n\n\n<p>O Centro Nacional de Monitoramento e Alertas de Desastres Naturais (CEMADEN-RJ) enviou um alerta na manh\u00e3 de hoje (24), sobre a possibilidade da ocorr\u00eancia de chuva e ventos moderados e\/ou fortes, que podem ocorrer a partir das 12h. O aviso segue at\u00e9 \u00e0s 6h da pr\u00f3xima segunda-feira (26). Os maiores acumulados esperados s\u00e3o para as regi\u00f5es Serrana, Norte e Litor\u00e2nea. Ressalta-se que h\u00e1 possibilidade de queda de granizo, de forma isolada. Ainda de acordo com o aviso os efeitos poss\u00edveis devido aos temporais s\u00e3o: alagamentos, inunda\u00e7\u00f5es e enxurradas, deslizamentos, e queda de \u00e1rvores.<\/p>\n","protected":false},"excerpt":{"rendered":"<p>Centro Nacional de Monitoramento e Alertas de Desastres Naturais faz alerta para pr\u00f3ximos dias O<\/p>\n","protected":false},"author":2,"featured_media":3789,"comment_status":"open","ping_status":"open","sticky":false,"template":"","format":"standard","meta":{"footnotes":""},"categories":[12],"tags":[],"class_list":["post-3788","post","type-post","status-publish","format-standard","has-post-thumbnail","hentry","category-cidade"],"_links":{"self":[{"href":"https:\/\/tvc16.com\/portal\/wp-json\/wp\/v2\/posts\/3788","targetHints":{"allow":["GET"]}}],"collection":[{"href":"https:\/\/tvc16.com\/portal\/wp-json\/wp\/v2\/posts"}],"about":[{"href":"https:\/\/tvc16.com\/portal\/wp-json\/wp\/v2\/types\/post"}],"author":[{"embeddable":true,"href":"https:\/\/tvc16.com\/portal\/wp-json\/wp\/v2\/users\/2"}],"replies":[{"embeddable":true,"href":"https:\/\/tvc16.com\/portal\/wp-json\/wp\/v2\/comments?post=3788"}],"version-history":[{"count":1,"href":"https:\/\/tvc16.com\/portal\/wp-json\/wp\/v2\/posts\/3788\/revisions"}],"predecessor-version":[{"id":3790,"href":"https:\/\/tvc16.com\/portal\/wp-json\/wp\/v2\/posts\/3788\/revisions\/3790"}],"wp:featuredmedia":[{"embeddable":true,"href":"https:\/\/tvc16.com\/portal\/wp-json\/wp\/v2\/media\/3789"}],"wp:attachment":[{"href":"https:\/\/tvc16.com\/portal\/wp-json\/wp\/v2\/media?parent=3788"}],"wp:term":[{"taxonomy":"category","embeddable":true,"href":"https:\/\/tvc16.com\/portal\/wp-json\/wp\/v2\/categories?post=3788"},{"taxonomy":"post_tag","embeddable":true,"href":"https:\/\/tvc16.com\/portal\/wp-json\/wp\/v2\/tags?post=3788"}],"curies":[{"name":"wp","href":"https:\/\/api.w.org\/{rel}","templated":true}]}}