{"id":3792,"date":"2020-10-25T03:44:14","date_gmt":"2020-10-25T03:44:14","guid":{"rendered":"https:\/\/tvc16.com\/portal\/?p=3792"},"modified":"2020-10-25T03:46:37","modified_gmt":"2020-10-25T03:46:37","slug":"medium-joao-de-deus-foi-internado-no-sirio-libanes-em-brasilia","status":"publish","type":"post","link":"https:\/\/tvc16.com\/portal\/2020\/10\/25\/medium-joao-de-deus-foi-internado-no-sirio-libanes-em-brasilia\/","title":{"rendered":"M\u00e9dium Jo\u00e3o de Deus foi internado no S\u00edrio Liban\u00eas, em Bras\u00edlia"},"content":{"rendered":"\n<h3 class=\"wp-block-heading\">O quadro de Jo\u00e3o de Deus \u00e9 est\u00e1vel e n\u00e3o est\u00e1 relacionado \u00e0 covid-19<\/h3>\n\n\n\n<h4 class=\"wp-block-heading\">Por Pedro Peduzzi &#8211; Rep\u00f3rter da Ag\u00eancia Brasil &#8211; Bras\u00edlia<\/h4>\n\n\n\n<p>O m\u00e9dium Jo\u00e3o de Deus deu entrada na madrugada deste s\u00e1bado (24) no Hospital S\u00edrio Liban\u00eas, em Bras\u00edlia, onde encontra-se internado ap\u00f3s ter sentido mal estar e inc\u00f4modo no peito. Condenado a mais de 40 anos de pris\u00e3o por estupro e porte de arma, Jo\u00e3o de Deus j\u00e1 est\u00e1 fazendo exames e sendo acompanhado pelos m\u00e9dicos do hospital.<img decoding=\"async\" src=\"https:\/\/agenciabrasil.ebc.com.br\/ebc.png?id=1391469&amp;o=node\"><img decoding=\"async\" src=\"https:\/\/agenciabrasil.ebc.com.br\/ebc.gif?id=1391469&amp;o=node\"><\/p>\n\n\n\n<p>Ele est\u00e1 em pris\u00e3o domiciliar desde mar\u00e7o, por pertencer ao grupo de risco de covid-19. O m\u00e9dium j\u00e1 vinha fazendo tratamento no S\u00edrio Liban\u00eas h\u00e1 alguns anos, devido a um hist\u00f3rico de cardiopatia e de c\u00e2ncer no sistema digestivo. Segundo profissionais do hospital contatados pela&nbsp;<strong>Ag\u00eancia Brasil<\/strong>, o quadro \u00e9 est\u00e1vel e n\u00e3o h\u00e1 qualquer rela\u00e7\u00e3o da interna\u00e7\u00e3o dele com a covid-19, conforme informado por ve\u00edculos de imprensa.<\/p>\n\n\n\n<p>As den\u00fancias que resultaram na condena\u00e7\u00e3o de Jo\u00e3o de Deus foram feitas por diversas mulheres \u00e0s quais o m\u00e9dium prestou atendimentos espirituais na Casa Dom In\u00e1cio de Loyola, em Abadi\u00e2nia (GO). Ele est\u00e1 preso desde dezembro de 2018.<\/p>\n\n\n\n<p>Edi\u00e7\u00e3o: Pedro Ivo de Oliveira<\/p>\n\n\n\n<p><\/p>\n","protected":false},"excerpt":{"rendered":"<p>O quadro de Jo\u00e3o de Deus \u00e9 est\u00e1vel e n\u00e3o est\u00e1 relacionado \u00e0 covid-19 Por<\/p>\n","protected":false},"author":2,"featured_media":3793,"comment_status":"open","ping_status":"open","sticky":false,"template":"","format":"standard","meta":{"footnotes":""},"categories":[14],"tags":[],"class_list":["post-3792","post","type-post","status-publish","format-standard","has-post-thumbnail","hentry","category-pais"],"_links":{"self":[{"href":"https:\/\/tvc16.com\/portal\/wp-json\/wp\/v2\/posts\/3792","targetHints":{"allow":["GET"]}}],"collection":[{"href":"https:\/\/tvc16.com\/portal\/wp-json\/wp\/v2\/posts"}],"about":[{"href":"https:\/\/tvc16.com\/portal\/wp-json\/wp\/v2\/types\/post"}],"author":[{"embeddable":true,"href":"https:\/\/tvc16.com\/portal\/wp-json\/wp\/v2\/users\/2"}],"replies":[{"embeddable":true,"href":"https:\/\/tvc16.com\/portal\/wp-json\/wp\/v2\/comments?post=3792"}],"version-history":[{"count":2,"href":"https:\/\/tvc16.com\/portal\/wp-json\/wp\/v2\/posts\/3792\/revisions"}],"predecessor-version":[{"id":3798,"href":"https:\/\/tvc16.com\/portal\/wp-json\/wp\/v2\/posts\/3792\/revisions\/3798"}],"wp:featuredmedia":[{"embeddable":true,"href":"https:\/\/tvc16.com\/portal\/wp-json\/wp\/v2\/media\/3793"}],"wp:attachment":[{"href":"https:\/\/tvc16.com\/portal\/wp-json\/wp\/v2\/media?parent=3792"}],"wp:term":[{"taxonomy":"category","embeddable":true,"href":"https:\/\/tvc16.com\/portal\/wp-json\/wp\/v2\/categories?post=3792"},{"taxonomy":"post_tag","embeddable":true,"href":"https:\/\/tvc16.com\/portal\/wp-json\/wp\/v2\/tags?post=3792"}],"curies":[{"name":"wp","href":"https:\/\/api.w.org\/{rel}","templated":true}]}}