{"id":3799,"date":"2020-10-25T03:48:19","date_gmt":"2020-10-25T03:48:19","guid":{"rendered":"https:\/\/tvc16.com\/portal\/?p=3799"},"modified":"2020-10-25T03:59:21","modified_gmt":"2020-10-25T03:59:21","slug":"parque-nacional-da-tijuca-reabre-pontos-turisticos","status":"publish","type":"post","link":"https:\/\/tvc16.com\/portal\/2020\/10\/25\/parque-nacional-da-tijuca-reabre-pontos-turisticos\/","title":{"rendered":"Parque Nacional da Tijuca reabre pontos tur\u00edsticos"},"content":{"rendered":"\n<h3 class=\"wp-block-heading\">A circula\u00e7\u00e3o de pedestres estava proibida desde mar\u00e7o<\/h3>\n\n\n\n<h4 class=\"wp-block-heading\">Por Douglas Corr\u00eaa &#8211; Rep\u00f3rter da Ag\u00eancia Brasil &#8211; Rio de Janeiro<\/h4>\n\n\n\n<p>A partir deste s\u00e1bado (24), o Parque Nacional da Tijuca inicia a uma nova etapa de reabertura de alguns de seus pontos tur\u00edsticos, fechados em mar\u00e7o por causa da pandemia da covid-19.&nbsp;<img decoding=\"async\" src=\"https:\/\/agenciabrasil.ebc.com.br\/ebc.png?id=1391457&amp;o=node\"><img decoding=\"async\" src=\"https:\/\/agenciabrasil.ebc.com.br\/ebc.gif?id=1391457&amp;o=node\"><\/p>\n\n\n\n<p>A circula\u00e7\u00e3o de pedestres e ciclistas que queiram fazer atividades f\u00edsicas como caminhada, corrida e ciclismo, poder\u00e1 ser feita novamente na Estrada do Redentor. A via est\u00e1 compreendida entre o acesso pelas ruas Boa Vista e Amado Nervo, no Alto da Boa Vista, e o Centro de Visitante Paineiras. A estrada estava totalmente bloqueada por determina\u00e7\u00e3o da Defesa Civil do munic\u00edpio do Rio de Janeiro desde setembro de 2019 e passou por obras de recupera\u00e7\u00e3o e conten\u00e7\u00e3o das encostas.<\/p>\n\n\n\n<p>O retorno de ve\u00edculos motorizados, no entanto, continuar\u00e1 proibido, em raz\u00e3o de restri\u00e7\u00f5es por causa da pandemia. Desde 9 de julho, est\u00e1 permitida a entrada no parque apenas a p\u00e9 ou de bicicleta. A exce\u00e7\u00e3o \u00e9 para ve\u00edculos de servi\u00e7os essenciais, de servi\u00e7o p\u00fablico, de pessoas com defici\u00eancia e das concession\u00e1rias que operam no parque no transporte de turistas para o Cristo Redentor e exclusivamente pela Estrada das Paineiras (via que fica entre a Rua Almirante Alexandrino e o Centro de Visitante Paineiras).<\/p>\n\n\n\n<h2 class=\"wp-block-heading\">Mirante Dona Marta<\/h2>\n\n\n\n<p>A visita\u00e7\u00e3o ao Mirante Dona Marta est\u00e1 autorizada a partir de segunda-feira (26), somente em dias \u00fateis, de segunda a sexta-feira. Nos fins de semana e feriados, a visita\u00e7\u00e3o estar\u00e1 proibida e o mirante fechado. O acesso ao mirante usando ve\u00edculo motorizado dever\u00e1 ser pela Estrada das Paineiras, a \u00fanica via do parque com a circula\u00e7\u00e3o totalmente liberada. Para chegar na Estrada das Paineiras, \u00e9 preciso subir por Santa Teresa ou Cosme Velho, pela Rua Almirante Alexandrino.<\/p>\n\n\n\n<p>No in\u00edcio de outubro, foram reabertas todas as cachoeiras \u2013 a exce\u00e7\u00e3o eram as duchas da Estrada do Redentor, que n\u00e3o est\u00e3o mais proibidas a partir de hoje (24) e alguns mirantes.<\/p>\n\n\n\n<p>Dos principais pontos tur\u00edsticos ainda fechados, est\u00e3o o po\u00e7o e o Mirante da Cascatinha Taunay. Ambos s\u00e3o muito procurados pelo p\u00fablico, mas&nbsp; o parque avalia que, nesse momento, para evitar aglomera\u00e7\u00f5es, essas duas atra\u00e7\u00f5es devem seguir fechadas.&nbsp;<\/p>\n\n\n\n<p>As demais cachoeiras e mirantes foram reabertos. Entre os pontos tur\u00edsticos liberados est\u00e3o a Vista Chinesa, a Mesa do Imperador, a Pedra da G\u00e1vea, o Pico da Tijuca, o Corcovado, todas as trilhas do Parque Nacional da Tijuca, al\u00e9m do Circuito das Grutas e o Parque Lage.<\/p>\n\n\n\n<p>Edi\u00e7\u00e3o: Fernando Fraga<\/p>\n","protected":false},"excerpt":{"rendered":"<p>A circula\u00e7\u00e3o de pedestres estava proibida desde mar\u00e7o Por Douglas Corr\u00eaa &#8211; Rep\u00f3rter da Ag\u00eancia<\/p>\n","protected":false},"author":2,"featured_media":3800,"comment_status":"open","ping_status":"open","sticky":false,"template":"","format":"standard","meta":{"footnotes":""},"categories":[14],"tags":[],"class_list":["post-3799","post","type-post","status-publish","format-standard","has-post-thumbnail","hentry","category-pais"],"_links":{"self":[{"href":"https:\/\/tvc16.com\/portal\/wp-json\/wp\/v2\/posts\/3799","targetHints":{"allow":["GET"]}}],"collection":[{"href":"https:\/\/tvc16.com\/portal\/wp-json\/wp\/v2\/posts"}],"about":[{"href":"https:\/\/tvc16.com\/portal\/wp-json\/wp\/v2\/types\/post"}],"author":[{"embeddable":true,"href":"https:\/\/tvc16.com\/portal\/wp-json\/wp\/v2\/users\/2"}],"replies":[{"embeddable":true,"href":"https:\/\/tvc16.com\/portal\/wp-json\/wp\/v2\/comments?post=3799"}],"version-history":[{"count":1,"href":"https:\/\/tvc16.com\/portal\/wp-json\/wp\/v2\/posts\/3799\/revisions"}],"predecessor-version":[{"id":3801,"href":"https:\/\/tvc16.com\/portal\/wp-json\/wp\/v2\/posts\/3799\/revisions\/3801"}],"wp:featuredmedia":[{"embeddable":true,"href":"https:\/\/tvc16.com\/portal\/wp-json\/wp\/v2\/media\/3800"}],"wp:attachment":[{"href":"https:\/\/tvc16.com\/portal\/wp-json\/wp\/v2\/media?parent=3799"}],"wp:term":[{"taxonomy":"category","embeddable":true,"href":"https:\/\/tvc16.com\/portal\/wp-json\/wp\/v2\/categories?post=3799"},{"taxonomy":"post_tag","embeddable":true,"href":"https:\/\/tvc16.com\/portal\/wp-json\/wp\/v2\/tags?post=3799"}],"curies":[{"name":"wp","href":"https:\/\/api.w.org\/{rel}","templated":true}]}}