{"id":380,"date":"2020-09-12T02:09:47","date_gmt":"2020-09-12T02:09:47","guid":{"rendered":"https:\/\/tvc16.com\/portal\/?p=380"},"modified":"2020-09-12T17:01:41","modified_gmt":"2020-09-12T17:01:41","slug":"em-petropolis-na-regiao-serrana-do-rio-entidades-se-unem-para-pedir-a-reabertura-dos-pontos-turisticos-do-municipio","status":"publish","type":"post","link":"https:\/\/tvc16.com\/portal\/2020\/09\/12\/em-petropolis-na-regiao-serrana-do-rio-entidades-se-unem-para-pedir-a-reabertura-dos-pontos-turisticos-do-municipio\/","title":{"rendered":"Em Petr\u00f3polis, entidades se unem para pedir a reabertura dos pontos tur\u00edsticos do munic\u00edpio"},"content":{"rendered":"\n<p><\/p>\n\n\n\n<p>Nove entidades petropolitanas, incluindo associa\u00e7\u00f5es e sindicatos, formalizaram nesta quinta-feira (10) pedido para que o governo municipal reveja as medidas de restri\u00e7\u00e3o em Petr\u00f3polis, adotadas em fun\u00e7\u00e3o da pandemia do novo coronav\u00edrus, e autorize o funcionamento de pontos tur\u00edsticos p\u00fablicos e privados do munic\u00edpio. No pedido, as entidades manifestam preocupa\u00e7\u00e3o com o futuro dos espa\u00e7os de visita\u00e7\u00e3o tur\u00edstica, que h\u00e1 quase seis meses est\u00e3o de portas fechadas, e com os empregos no setor.<\/p>\n\n\n\n<p>O documento, assinado pelo Petr\u00f3polis Convention &amp; Visitors Bureau, em conjunto com o Mercoserra, Conselho Municipal de Turismo (COMTUR), Sindicato do Com\u00e9rcio Varejista de Petr\u00f3polis (Sicom\u00e9rcio Petr\u00f3polis), Associa\u00e7\u00e3o da Rua Teresa (ARTE), Associa\u00e7\u00e3o das Microcervejarias de Petr\u00f3polis (AMP), Associa\u00e7\u00e3o dos Guias de Turismo de Petr\u00f3polis (AGP), Associa\u00e7\u00e3o Brasileira da Ind\u00fastria de Hot\u00e9is do Rio (ABIH-RJ Petr\u00f3polis), e a C\u00e2mara Setorial da Rua 16 de Mar\u00e7o e Adjac\u00eancias, foi encaminhado ao prefeito Bernardo Rossi; ao presidente da Turispetro, Marcelo Valente; e ao presidente da C\u00e2mara Municipal, Hingo Hammes.<\/p>\n\n\n\n<p>&#8220;Entendemos que, dentro do processo de flexibiliza\u00e7\u00e3o das atividades na cidade, \u00e9 imprescind\u00edvel pensar nos pontos tur\u00edsticos. Estamos ao lado do governo municipal no trabalho pela preserva\u00e7\u00e3o das vidas e, vendo os avan\u00e7os e a manuten\u00e7\u00e3o do controle das taxas de ocupa\u00e7\u00e3o dos leitos hospitalares, entendemos ser poss\u00edvel, neste momento, acompanharmos as medidas adotadas no Estado, onde pontos tur\u00edsticos j\u00e1 foram autorizados a funcionar. \u00c9 importante, com todos os cuidados e toda a cautela necess\u00e1ria, darmos mais este passo. Sem qualquer previs\u00e3o de reabertura, temos espa\u00e7os que podem ser definitivamente fechados. Isso sem falar nos empregos em toda a rede tur\u00edstica&#8221;, explicou Samir El Ghaoui, que \u00e9 presidente do PC&amp;VB, frisando que h\u00e1 enorme disposi\u00e7\u00e3o dos envolvidos na ado\u00e7\u00e3o de r\u00edgidas regras de controle sanit\u00e1rio, a fim de proteger funcion\u00e1rios e o p\u00fablico. &#8220;Neste momento, defendemos um esfor\u00e7o conjunto para mantermos nosso patrim\u00f4nio, que \u00e9 reconhecido mundialmente&#8221;, afirmou.<\/p>\n\n\n\n<p>Presidente do Sicom\u00e9rcio, Marcelo Fiorini frisou a import\u00e2ncia do funcionamento dos atrativos para a economia da cidade. \u201cOs pontos tur\u00edsticos de Petr\u00f3polis s\u00e3o um atrativo importante na engrenagem da economia local. Eles atraem os visitantes que, consequentemente, por estarem aqui, acabam consumindo no com\u00e9rcio do munic\u00edpio. Esse \u00e9 um p\u00fablico importante, principalmente, para os polos de moda. As vendas na Rua Teresa, por exemplo, s\u00e3o diretamente impactadas por esse p\u00fablico. Por isso \u00e9 t\u00e3o importante que a reabertura dos pontos tur\u00edsticos seja considerada pela prefeitura\u201d, frisou.<br>Hoje, turistas e visitantes j\u00e1 entram no munic\u00edpio comprovando estadia na rede hoteleira e tamb\u00e9m com agendamento nos polos de compra. Tamb\u00e9m houve recentemente flexibiliza\u00e7\u00e3o do funcionamento do transporte intermunicipal.<\/p>\n","protected":false},"excerpt":{"rendered":"<p>Nove entidades petropolitanas, incluindo associa\u00e7\u00f5es e sindicatos, formalizaram nesta quinta-feira (10) pedido para que o<\/p>\n","protected":false},"author":2,"featured_media":382,"comment_status":"open","ping_status":"open","sticky":false,"template":"","format":"standard","meta":{"footnotes":""},"categories":[12],"tags":[],"class_list":["post-380","post","type-post","status-publish","format-standard","has-post-thumbnail","hentry","category-cidade"],"_links":{"self":[{"href":"https:\/\/tvc16.com\/portal\/wp-json\/wp\/v2\/posts\/380","targetHints":{"allow":["GET"]}}],"collection":[{"href":"https:\/\/tvc16.com\/portal\/wp-json\/wp\/v2\/posts"}],"about":[{"href":"https:\/\/tvc16.com\/portal\/wp-json\/wp\/v2\/types\/post"}],"author":[{"embeddable":true,"href":"https:\/\/tvc16.com\/portal\/wp-json\/wp\/v2\/users\/2"}],"replies":[{"embeddable":true,"href":"https:\/\/tvc16.com\/portal\/wp-json\/wp\/v2\/comments?post=380"}],"version-history":[{"count":2,"href":"https:\/\/tvc16.com\/portal\/wp-json\/wp\/v2\/posts\/380\/revisions"}],"predecessor-version":[{"id":383,"href":"https:\/\/tvc16.com\/portal\/wp-json\/wp\/v2\/posts\/380\/revisions\/383"}],"wp:featuredmedia":[{"embeddable":true,"href":"https:\/\/tvc16.com\/portal\/wp-json\/wp\/v2\/media\/382"}],"wp:attachment":[{"href":"https:\/\/tvc16.com\/portal\/wp-json\/wp\/v2\/media?parent=380"}],"wp:term":[{"taxonomy":"category","embeddable":true,"href":"https:\/\/tvc16.com\/portal\/wp-json\/wp\/v2\/categories?post=380"},{"taxonomy":"post_tag","embeddable":true,"href":"https:\/\/tvc16.com\/portal\/wp-json\/wp\/v2\/tags?post=380"}],"curies":[{"name":"wp","href":"https:\/\/api.w.org\/{rel}","templated":true}]}}