{"id":3802,"date":"2020-10-25T03:50:22","date_gmt":"2020-10-25T03:50:22","guid":{"rendered":"https:\/\/tvc16.com\/portal\/?p=3802"},"modified":"2020-10-25T03:50:22","modified_gmt":"2020-10-25T03:50:22","slug":"economia-repassa-r-60-milhoes-para-o-ministerio-do-meio-ambiente","status":"publish","type":"post","link":"https:\/\/tvc16.com\/portal\/2020\/10\/25\/economia-repassa-r-60-milhoes-para-o-ministerio-do-meio-ambiente\/","title":{"rendered":"Economia repassa R$ 60 milh\u00f5es para o Minist\u00e9rio do Meio Ambiente"},"content":{"rendered":"\n<h3 class=\"wp-block-heading\">Recursos ser\u00e3o usados no combate \u00e0s queimadas e desmatamento<\/h3>\n\n\n\n<h4 class=\"wp-block-heading\">Por Ag\u00eancia Brasil &#8211; Bras\u00edlia<\/h4>\n\n\n\n<p>O Minist\u00e9rio da Economia informou nesta&nbsp;sexta-feira (23) que est\u00e1 remanejando R$ 60 milh\u00f5es de seu limite de pagamento para o Minist\u00e9rio do Meio Ambiente. O remanejamento ocorrer\u00e1 por meio de portaria, que dever\u00e1 ser publicada no&nbsp;<em>Di\u00e1rio Oficial da Uni\u00e3o<\/em>&nbsp;(<em>DOU<\/em>).&nbsp;<img decoding=\"async\" src=\"https:\/\/agenciabrasil.ebc.com.br\/ebc.png?id=1391439&amp;o=node\"><img decoding=\"async\" src=\"https:\/\/agenciabrasil.ebc.com.br\/ebc.gif?id=1391439&amp;o=node\"><\/p>\n\n\n\n<p>Os recursos dever\u00e3o ser usados para o combate \u00e0s queimadas e o desmatamento ilegal. Em postagem nas redes sociais, o ministro Ricardo Salles (Meio Ambiente) infirmou o repasse e agradeceu ao ministro Paulo Guedes (Economia).\u00a0<\/p>\n\n\n\n<p>&#8220;Quero agradecer ao nosso ministro Paulo Guedes, que acaba de me informar que deve liberar, ainda&nbsp;hoje, os 60 milh\u00f5es necess\u00e1rios \u00e0 continuidade das a\u00e7\u00f5es do IBAMA no combate \u00e0s queimadas e ao desmatamento ilegal&#8221;, escreveu.<\/p>\n\n\n\n<p>Edi\u00e7\u00e3o: Bruna Saniele<\/p>\n","protected":false},"excerpt":{"rendered":"<p>Recursos ser\u00e3o usados no combate \u00e0s queimadas e desmatamento Por Ag\u00eancia Brasil &#8211; Bras\u00edlia O<\/p>\n","protected":false},"author":2,"featured_media":3803,"comment_status":"open","ping_status":"open","sticky":false,"template":"","format":"standard","meta":{"footnotes":""},"categories":[18],"tags":[],"class_list":["post-3802","post","type-post","status-publish","format-standard","has-post-thumbnail","hentry","category-economia"],"_links":{"self":[{"href":"https:\/\/tvc16.com\/portal\/wp-json\/wp\/v2\/posts\/3802","targetHints":{"allow":["GET"]}}],"collection":[{"href":"https:\/\/tvc16.com\/portal\/wp-json\/wp\/v2\/posts"}],"about":[{"href":"https:\/\/tvc16.com\/portal\/wp-json\/wp\/v2\/types\/post"}],"author":[{"embeddable":true,"href":"https:\/\/tvc16.com\/portal\/wp-json\/wp\/v2\/users\/2"}],"replies":[{"embeddable":true,"href":"https:\/\/tvc16.com\/portal\/wp-json\/wp\/v2\/comments?post=3802"}],"version-history":[{"count":1,"href":"https:\/\/tvc16.com\/portal\/wp-json\/wp\/v2\/posts\/3802\/revisions"}],"predecessor-version":[{"id":3804,"href":"https:\/\/tvc16.com\/portal\/wp-json\/wp\/v2\/posts\/3802\/revisions\/3804"}],"wp:featuredmedia":[{"embeddable":true,"href":"https:\/\/tvc16.com\/portal\/wp-json\/wp\/v2\/media\/3803"}],"wp:attachment":[{"href":"https:\/\/tvc16.com\/portal\/wp-json\/wp\/v2\/media?parent=3802"}],"wp:term":[{"taxonomy":"category","embeddable":true,"href":"https:\/\/tvc16.com\/portal\/wp-json\/wp\/v2\/categories?post=3802"},{"taxonomy":"post_tag","embeddable":true,"href":"https:\/\/tvc16.com\/portal\/wp-json\/wp\/v2\/tags?post=3802"}],"curies":[{"name":"wp","href":"https:\/\/api.w.org\/{rel}","templated":true}]}}