{"id":3808,"date":"2020-10-25T03:56:10","date_gmt":"2020-10-25T03:56:10","guid":{"rendered":"https:\/\/tvc16.com\/portal\/?p=3808"},"modified":"2020-10-25T03:56:10","modified_gmt":"2020-10-25T03:56:10","slug":"tribunal-especial-afasta-governador-de-santa-catarina","status":"publish","type":"post","link":"https:\/\/tvc16.com\/portal\/2020\/10\/25\/tribunal-especial-afasta-governador-de-santa-catarina\/","title":{"rendered":"Tribunal especial afasta governador de Santa Catarina"},"content":{"rendered":"\n<h3 class=\"wp-block-heading\">Den\u00fancia contra o governador foi aprovada por 6 a 4<\/h3>\n\n\n\n<h4 class=\"wp-block-heading\">Por Camila Boehm \u2013 Rep\u00f3rter da Ag\u00eancia Brasil &#8211; S\u00e3o Paulo<\/h4>\n\n\n\n<p>O tribunal especial de julgamento formado para deliberar sobre o pedido de impeachment contra o governador de Santa Catarina, Carlos Mois\u00e9s da Silva, e da vice-governadora Daniela Reinehr decidiu na madrugada deste s\u00e1bado (24) pela admissibilidade da den\u00fancia apenas contra o governador.<img decoding=\"async\" src=\"https:\/\/agenciabrasil.ebc.com.br\/ebc.png?id=1391456&amp;o=node\"><img decoding=\"async\" src=\"https:\/\/agenciabrasil.ebc.com.br\/ebc.gif?id=1391456&amp;o=node\"><\/p>\n\n\n\n<p>O governador ser\u00e1 intimado da decis\u00e3o e ficar\u00e1, a partir desta ter\u00e7a-feira (27), suspenso do exerc\u00edcio das fun\u00e7\u00f5es at\u00e9 senten\u00e7a final, al\u00e9m de perder um ter\u00e7o dos vencimentos, que ser\u00e3o pagos em caso de absolvi\u00e7\u00e3o.<\/p>\n\n\n\n<p>A sess\u00e3o designada para discuss\u00e3o e vota\u00e7\u00e3o do parecer do relator foi realizada na Assembleia Legislativa de Santa Catarina (Alesc), onde ocorreram todos os atos do tribunal especial de julgamento. As atividades na assembleia come\u00e7aram \u00e0s 9h de sexta-feira (23) e tiveram sequ\u00eancia at\u00e9 as 2h deste s\u00e1bado (24).<\/p>\n\n\n\n<h2 class=\"wp-block-heading\">Votos<\/h2>\n\n\n\n<p>O tribunal especial decidiu, por 6 votos a 4, pela admissibilidade da den\u00fancia contra o governador. O colegiado \u00e9 formado por cinco desembargadores e cinco deputados estaduais. O relator, deputado Kennedy Nunes, votou para que a den\u00fancia de impeachment fosse objeto de delibera\u00e7\u00e3o em rela\u00e7\u00e3o ao governador e \u00e0 sua vice. O entendimento foi seguido pelos deputados Laercio Schuster, Luiz Fernando Vampiro, Maur\u00edcio Eskudlark e pelo desembargador Luiz Felipe Schuch.<\/p>\n\n\n\n<p>O deputado Sargento Lima tamb\u00e9m votou pelo acolhimento da den\u00fancia contra Mois\u00e9s, formando a maioria simples para o prosseguimento do impeachment em rela\u00e7\u00e3o ao governador. No entanto, Lima se manifestou pela n\u00e3o admissibilidade em rela\u00e7\u00e3o \u00e0 vice.<\/p>\n\n\n\n<p>Como os outros quatro desembargadores do tribunal especial de julgamento votaram pelo n\u00e3o acolhimento da den\u00fancia contra ambos, formou-se um empate quanto ao prosseguimento do impeachment de Daniela. No voto de desempate do presidente do Poder Judici\u00e1rio de Santa Catarina, desembargador Ricardo Roesler, foi aceita que a admissibilidade n\u00e3o deveria ocorrer em rela\u00e7\u00e3o \u00e0 vice-governadora.<\/p>\n\n\n\n<p>Votaram pela n\u00e3o admissibilidade da den\u00fancia os desembargadores Rubens Schulz, S\u00e9rgio Rizelo, Carlos Alberto Civinski e Claudia Lambert.<\/p>\n\n\n\n<p>Edi\u00e7\u00e3o: Fernando Fraga<\/p>\n","protected":false},"excerpt":{"rendered":"<p>Den\u00fancia contra o governador foi aprovada por 6 a 4 Por Camila Boehm \u2013 Rep\u00f3rter<\/p>\n","protected":false},"author":2,"featured_media":3809,"comment_status":"open","ping_status":"open","sticky":false,"template":"","format":"standard","meta":{"footnotes":""},"categories":[15],"tags":[],"class_list":["post-3808","post","type-post","status-publish","format-standard","has-post-thumbnail","hentry","category-politica"],"_links":{"self":[{"href":"https:\/\/tvc16.com\/portal\/wp-json\/wp\/v2\/posts\/3808","targetHints":{"allow":["GET"]}}],"collection":[{"href":"https:\/\/tvc16.com\/portal\/wp-json\/wp\/v2\/posts"}],"about":[{"href":"https:\/\/tvc16.com\/portal\/wp-json\/wp\/v2\/types\/post"}],"author":[{"embeddable":true,"href":"https:\/\/tvc16.com\/portal\/wp-json\/wp\/v2\/users\/2"}],"replies":[{"embeddable":true,"href":"https:\/\/tvc16.com\/portal\/wp-json\/wp\/v2\/comments?post=3808"}],"version-history":[{"count":1,"href":"https:\/\/tvc16.com\/portal\/wp-json\/wp\/v2\/posts\/3808\/revisions"}],"predecessor-version":[{"id":3810,"href":"https:\/\/tvc16.com\/portal\/wp-json\/wp\/v2\/posts\/3808\/revisions\/3810"}],"wp:featuredmedia":[{"embeddable":true,"href":"https:\/\/tvc16.com\/portal\/wp-json\/wp\/v2\/media\/3809"}],"wp:attachment":[{"href":"https:\/\/tvc16.com\/portal\/wp-json\/wp\/v2\/media?parent=3808"}],"wp:term":[{"taxonomy":"category","embeddable":true,"href":"https:\/\/tvc16.com\/portal\/wp-json\/wp\/v2\/categories?post=3808"},{"taxonomy":"post_tag","embeddable":true,"href":"https:\/\/tvc16.com\/portal\/wp-json\/wp\/v2\/tags?post=3808"}],"curies":[{"name":"wp","href":"https:\/\/api.w.org\/{rel}","templated":true}]}}