{"id":3811,"date":"2020-10-25T03:57:42","date_gmt":"2020-10-25T03:57:42","guid":{"rendered":"https:\/\/tvc16.com\/portal\/?p=3811"},"modified":"2020-10-25T03:57:42","modified_gmt":"2020-10-25T03:57:42","slug":"o-tempo-e-a-temperatura-sudeste-do-pais-tem-previsao-de-tempo-com-chuva-neste-domingo-25","status":"publish","type":"post","link":"https:\/\/tvc16.com\/portal\/2020\/10\/25\/o-tempo-e-a-temperatura-sudeste-do-pais-tem-previsao-de-tempo-com-chuva-neste-domingo-25\/","title":{"rendered":"O TEMPO E A TEMPERATURA: Sudeste do pa\u00eds tem previs\u00e3o de tempo com chuva, neste domingo (25)"},"content":{"rendered":"\n<p>Previs\u00e3o de tempo com chuva forte na regi\u00e3o Sudeste do pa\u00eds, neste domingo (25). A chuva mais intensa se concentra entre Minas Gerais e Esp\u00edrito Santo, com destaque para os volumes elevados no Vale do Jequitinhonha, Rio Doce e Regi\u00e3o Central de Minas Gerais. Alerta para o risco de alagamentos, deslizamentos de terra e transbordamento de rios e c\u00f3rregos. Em S\u00e3o Paulo e no Rio de Janeiro, previs\u00e3o de tempo com temporais, mas com menores acumulados.&nbsp;<br>&nbsp;<br>As temperaturas variam entre 15 e 36 graus. A umidade relativa do ar pode variar entre 35 e 100 por cento.<br>&nbsp;<br>As informa\u00e7\u00f5es s\u00e3o do Somar Meteorologia.<br>&nbsp;<br>Felipe Moura, o tempo e a temperatura.<\/p>\n\n\n\n<p>Fonte: <a href=\"https:\/\/brasil61.com\/noticias\/o-tempo-e-a-temperatura-sudeste-do-pais-tem-previsao-de-tempo-com-chuva-neste-domingo-25-ptsd202024?email=bethdeoliveira@yahoo.com.br&amp;utm_source=email_individual&amp;utm_medium=email_individual&amp;utm_campaign=email_individual\" target=\"_blank\" rel=\"noreferrer noopener\">Brasil 61<\/a><\/p>\n","protected":false},"excerpt":{"rendered":"<p>Previs\u00e3o de tempo com chuva forte na regi\u00e3o Sudeste do pa\u00eds, neste domingo (25). A<\/p>\n","protected":false},"author":2,"featured_media":3812,"comment_status":"open","ping_status":"open","sticky":false,"template":"","format":"standard","meta":{"footnotes":""},"categories":[17],"tags":[],"class_list":["post-3811","post","type-post","status-publish","format-standard","has-post-thumbnail","hentry","category-outras-noticias"],"_links":{"self":[{"href":"https:\/\/tvc16.com\/portal\/wp-json\/wp\/v2\/posts\/3811","targetHints":{"allow":["GET"]}}],"collection":[{"href":"https:\/\/tvc16.com\/portal\/wp-json\/wp\/v2\/posts"}],"about":[{"href":"https:\/\/tvc16.com\/portal\/wp-json\/wp\/v2\/types\/post"}],"author":[{"embeddable":true,"href":"https:\/\/tvc16.com\/portal\/wp-json\/wp\/v2\/users\/2"}],"replies":[{"embeddable":true,"href":"https:\/\/tvc16.com\/portal\/wp-json\/wp\/v2\/comments?post=3811"}],"version-history":[{"count":1,"href":"https:\/\/tvc16.com\/portal\/wp-json\/wp\/v2\/posts\/3811\/revisions"}],"predecessor-version":[{"id":3813,"href":"https:\/\/tvc16.com\/portal\/wp-json\/wp\/v2\/posts\/3811\/revisions\/3813"}],"wp:featuredmedia":[{"embeddable":true,"href":"https:\/\/tvc16.com\/portal\/wp-json\/wp\/v2\/media\/3812"}],"wp:attachment":[{"href":"https:\/\/tvc16.com\/portal\/wp-json\/wp\/v2\/media?parent=3811"}],"wp:term":[{"taxonomy":"category","embeddable":true,"href":"https:\/\/tvc16.com\/portal\/wp-json\/wp\/v2\/categories?post=3811"},{"taxonomy":"post_tag","embeddable":true,"href":"https:\/\/tvc16.com\/portal\/wp-json\/wp\/v2\/tags?post=3811"}],"curies":[{"name":"wp","href":"https:\/\/api.w.org\/{rel}","templated":true}]}}