{"id":3833,"date":"2020-10-25T04:15:23","date_gmt":"2020-10-25T04:15:23","guid":{"rendered":"https:\/\/tvc16.com\/portal\/?p=3833"},"modified":"2020-10-25T04:15:23","modified_gmt":"2020-10-25T04:15:23","slug":"marcos-pontes-participa-de-evento-sobre-pesquisa-da-nitazoxanida","status":"publish","type":"post","link":"https:\/\/tvc16.com\/portal\/2020\/10\/25\/marcos-pontes-participa-de-evento-sobre-pesquisa-da-nitazoxanida\/","title":{"rendered":"Marcos Pontes participa de evento sobre pesquisa da nitazoxanida"},"content":{"rendered":"\n<h3 class=\"wp-block-heading\">Segundo Pontes, estudo \u00e9 &#8220;grande passo para ci\u00eancia brasileira&#8221;<\/h3>\n\n\n\n<h4 class=\"wp-block-heading\">Por Douglas Corr\u00eaa &#8211; Rep\u00f3rter da Ag\u00eancia Brasil &#8211; Rio de Janeiro<\/h4>\n\n\n\n<p>O ministro da Ci\u00eancia, Tecnologia e Inova\u00e7\u00e3o, Marcos Pontes, apresentou hoje (24), na Universidade Federal do Rio de Janeiro (UFRJ) o primeiro resultado positivo do estudo cl\u00ednico com a nitazoxanida para o tratamento da covid-19.&nbsp;<img decoding=\"async\" src=\"https:\/\/agenciabrasil.ebc.com.br\/ebc.png?id=1391465&amp;o=node\"><img decoding=\"async\" src=\"https:\/\/agenciabrasil.ebc.com.br\/ebc.gif?id=1391465&amp;o=node\"><\/p>\n\n\n\n<p>Coordenado pela pneumologista e professora da UFRJ Patr\u00edcia Rocco, o estudo teve publica\u00e7\u00e3o cient\u00edfica pr\u00e9via apresentada no audit\u00f3rio da universidade, com a presen\u00e7a de Marcos Pontes e do secret\u00e1rio de Pesquisa e Forma\u00e7\u00e3o Cient\u00edfica, Marcelo Morales.<\/p>\n\n\n\n<p>O ministro afirmou que o medicamento \u00e9 uma ferramenta no enfrentamento da covid-19. De acordo com Marcos Pontes, o estudo tem uma import\u00e2ncia gigantesca, j\u00e1 que conseguiu demonstrar que a&nbsp;<a href=\"https:\/\/agenciabrasil.ebc.com.br\/saude\/noticia\/2020-10\/nitazoxanida-reduz-carga-viral-de-pacientes-com-covid-19-diz-pesquisa\" target=\"_blank\" rel=\"noreferrer noopener\">nitazoxanida reduz a carga viral<\/a>. \u201cDepois do final do tratamento de 5 dias, nos pr\u00f3ximos sete dias ap\u00f3s a medica\u00e7\u00e3o, tem&nbsp;pacientes que t\u00eam a carga viral negativada.\u201d<\/p>\n\n\n\n<p>O ministro disse ainda que a nitazoxanida \u201c\u00e9 ferramenta que a ci\u00eancia oferece para os m\u00e9dicos e isso \u00e9 importante para o Brasil e para o mundo\u201d. \u201c\u00c9 uma ferramenta que vai nos ajudar n\u00e3o s\u00f3 para a sa\u00edda da pandemia, como para no futuro, transformar o coronav\u00edrus em algo completamente trat\u00e1vel. Esse \u00e9 s\u00f3 come\u00e7o\u201d, avaliou.&nbsp;<\/p>\n\n\n\n<p>A nitazoxanida \u00e9 um verm\u00edfugo utilizado no Brasil para o tratamento do rotav\u00edrus e foi testada para a covid-19 em 475 pacientes sintom\u00e1ticos do 1\u00ba ao 3\u00ba dia de sintomas. Durante os testes, 78% deles deixaram de apresentar sintomas ap\u00f3s 5 dias seguidos de uso do medicamento.<\/p>\n\n\n\n<p>Segundo o ministro, outros pa\u00edses j\u00e1 demonstraram interesse no estudo, o que, para ele, \u00e9&nbsp;<a href=\"https:\/\/agenciabrasil.ebc.com.br\/geral\/noticia\/2020-10\/covid-19-governo-anuncia-resultado-de-ensaio-clinico-com-nitazoxanida\" target=\"_blank\" rel=\"noreferrer noopener\">um grande passo da ci\u00eancia brasileira<\/a>&nbsp;no combate \u00e0 covid-19.<\/p>\n\n\n\n<p>A professora Patr\u00edcia Rocco admitiu que o medicamento n\u00e3o \u00e9 a \u201cbala de prata\u201d para a cura da doen\u00e7a, mas defendeu que o estudo foi bem desenhado para o redirecionamento do uso da droga para a covid-19.<\/p>\n\n\n\n<p>Edi\u00e7\u00e3o: Pedro Ivo de Oliveira<\/p>\n","protected":false},"excerpt":{"rendered":"<p>Segundo Pontes, estudo \u00e9 &#8220;grande passo para ci\u00eancia brasileira&#8221; Por Douglas Corr\u00eaa &#8211; Rep\u00f3rter da<\/p>\n","protected":false},"author":2,"featured_media":3834,"comment_status":"open","ping_status":"open","sticky":false,"template":"","format":"standard","meta":{"footnotes":""},"categories":[13],"tags":[],"class_list":["post-3833","post","type-post","status-publish","format-standard","has-post-thumbnail","hentry","category-saude"],"_links":{"self":[{"href":"https:\/\/tvc16.com\/portal\/wp-json\/wp\/v2\/posts\/3833","targetHints":{"allow":["GET"]}}],"collection":[{"href":"https:\/\/tvc16.com\/portal\/wp-json\/wp\/v2\/posts"}],"about":[{"href":"https:\/\/tvc16.com\/portal\/wp-json\/wp\/v2\/types\/post"}],"author":[{"embeddable":true,"href":"https:\/\/tvc16.com\/portal\/wp-json\/wp\/v2\/users\/2"}],"replies":[{"embeddable":true,"href":"https:\/\/tvc16.com\/portal\/wp-json\/wp\/v2\/comments?post=3833"}],"version-history":[{"count":1,"href":"https:\/\/tvc16.com\/portal\/wp-json\/wp\/v2\/posts\/3833\/revisions"}],"predecessor-version":[{"id":3835,"href":"https:\/\/tvc16.com\/portal\/wp-json\/wp\/v2\/posts\/3833\/revisions\/3835"}],"wp:featuredmedia":[{"embeddable":true,"href":"https:\/\/tvc16.com\/portal\/wp-json\/wp\/v2\/media\/3834"}],"wp:attachment":[{"href":"https:\/\/tvc16.com\/portal\/wp-json\/wp\/v2\/media?parent=3833"}],"wp:term":[{"taxonomy":"category","embeddable":true,"href":"https:\/\/tvc16.com\/portal\/wp-json\/wp\/v2\/categories?post=3833"},{"taxonomy":"post_tag","embeddable":true,"href":"https:\/\/tvc16.com\/portal\/wp-json\/wp\/v2\/tags?post=3833"}],"curies":[{"name":"wp","href":"https:\/\/api.w.org\/{rel}","templated":true}]}}