{"id":3836,"date":"2020-10-25T04:18:19","date_gmt":"2020-10-25T04:18:19","guid":{"rendered":"https:\/\/tvc16.com\/portal\/?p=3836"},"modified":"2020-10-25T04:18:19","modified_gmt":"2020-10-25T04:18:19","slug":"artrite-reumatoide-apenas-47-dos-pacientes-procuram-ajuda-medica","status":"publish","type":"post","link":"https:\/\/tvc16.com\/portal\/2020\/10\/25\/artrite-reumatoide-apenas-47-dos-pacientes-procuram-ajuda-medica\/","title":{"rendered":"Artrite reumatoide: apenas 47% dos pacientes procuram ajuda m\u00e9dica"},"content":{"rendered":"\n<h3 class=\"wp-block-heading\">A maioria opta por automedica\u00e7\u00e3o ou posterga o tratamento<\/h3>\n\n\n\n<h4 class=\"wp-block-heading\">Por Bruno Bocchini &#8211;&nbsp;Rep\u00f3rter da Ag\u00eancia Brasil &#8211; S\u00e3o Paulo<\/h4>\n\n\n\n<p>Apenas 47% das pessoas que sentem sintomas da artrite reumatoide, como dores fortes nas articula\u00e7\u00f5es por mais de tr\u00eas meses, buscam orienta\u00e7\u00e3o m\u00e9dica. Dentre esses, apenas 4% procuram um reumatologista, m\u00e9dico especialista respons\u00e1vel pelos cuidados da doen\u00e7a. Os dados, divulgados\u00a0na \u00faltima sexta-feira\u00a0(23), s\u00e3o de pesquisa do Ibope Intelig\u00eancia a pedido da Pfizer Brasil.<img decoding=\"async\" src=\"https:\/\/agenciabrasil.ebc.com.br\/ebc.png?id=1391438&amp;o=node\"><img decoding=\"async\" src=\"https:\/\/agenciabrasil.ebc.com.br\/ebc.gif?id=1391438&amp;o=node\"><\/p>\n\n\n\n<p>O levantamento&nbsp;<em>online<\/em>&nbsp;foi realizado na cidade de S\u00e3o Paulo e nas regi\u00f5es metropolitanas de Rio&nbsp;de Janeiro, Salvador, Belo Horizonte, Bras\u00edlia, Curitiba e Porto Alegre, com pessoas maiores de 18 anos, das classes A, B e C.<\/p>\n\n\n\n<p>De acordo com a pesquisa, que ouviu duas mil pessoas, a automedica\u00e7\u00e3o foi a atitude mais citada pelos entrevistados para tentar solucionar o problema (40%), assim como a posterga\u00e7\u00e3o do tratamento (40%); 13% n\u00e3o buscaram nenhuma solu\u00e7\u00e3o e permaneceram com a dor.<\/p>\n\n\n\n<blockquote class=\"wp-block-quote is-layout-flow wp-block-quote-is-layout-flow\"><p>\u201cAs pessoas partem para essa automedica\u00e7\u00e3o porque desconhecem a doen\u00e7a. Desconhecem que uma dor articular mantida e j\u00e1 com grau de incha\u00e7o, vermelhid\u00e3o e rigidez constitui uma patologia espec\u00edfica que \u00e9 a artrite reumatoide. Elas acabam se medicando com analg\u00e9sicos, anti-inflamat\u00f3rios e at\u00e9 corticoides, medicamentos que, a longo prazo, acabam sendo delet\u00e9rios para o organismo\u201d, destaca a gerente m\u00e9dica de Inflama\u00e7\u00e3o e Imunologia da Pfizer Brasil, M\u00e1rcia Pinheiro.<\/p><\/blockquote>\n\n\n\n<h2 class=\"wp-block-heading\">O que \u00e9&nbsp;artrite reumatoide<\/h2>\n\n\n\n<p>A artrite reumatoide \u00e9 uma doen\u00e7a inflamat\u00f3ria e cr\u00f4nica, caracterizada, principalmente, pela inflama\u00e7\u00e3o das articula\u00e7\u00f5es. Autoimune, a enfermidade faz com que o sistema imunol\u00f3gico, respons\u00e1vel por defender o organismo de v\u00edrus e bact\u00e9rias, ataque o pr\u00f3prio corpo, comprometendo o seu funcionamento.<\/p>\n\n\n\n<p>A doen\u00e7a geralmente come\u00e7a com dores articulares nas m\u00e3os e nos p\u00e9s. \u201cSe voc\u00ea come\u00e7ar a ver nas articula\u00e7\u00f5es principalmente entre a palma da m\u00e3o e as falanges, ou entre as falanges, se as articula\u00e7\u00f5es come\u00e7arem a ficar vermelhas, doloridas, inchadas, por um per\u00edodo de tempo que varia, mas que seja superior a tr\u00eas meses, ent\u00e3o j\u00e1 \u00e9 um sinal de alerta que voc\u00ea deve procurar uma assist\u00eancia m\u00e9dica\u201d, ressalta a m\u00e9dica.<\/p>\n\n\n\n<p>A doen\u00e7a acomete tr\u00eas vezes mais mulheres do que homens. Entre os fatores estudados como motivos do surgimento da artrite reumatoide est\u00e3o a predisposi\u00e7\u00e3o gen\u00e9tica e as infec\u00e7\u00f5es. Por\u00e9m, pesquisadores ainda investigam as causas reais da doen\u00e7a.&nbsp;<\/p>\n\n\n\n<blockquote class=\"wp-block-quote is-layout-flow wp-block-quote-is-layout-flow\"><p>\u201cA gente n\u00e3o tem como prevenir a doen\u00e7a, porque existe a quest\u00e3o da carga gen\u00e9tica, que ajuda no surgimento da artrite reumatoide, mas n\u00f3s podemos evitar alguns gatilhos, como fumar. \u00c9 importante tamb\u00e9m&nbsp;ter&nbsp;uma boa alimenta\u00e7\u00e3o, horas adequadas de sono, e fazer atividade f\u00edsica\u201d, afirma Pinheiro.<\/p><\/blockquote>\n\n\n\n<p>Por se tratar de uma doen\u00e7a autoimune inflamat\u00f3ria cr\u00f4nica, uma vez diagnosticada, a artrite reumatoide deve ser acompanhada e tratada ao longo da vida. As terapias m\u00e9dicas agem regulando a autoimunidade e reduzindo as inflama\u00e7\u00f5es do organismo. Quanto antes for iniciado o tratamento, melhores ser\u00e3o as taxas de resposta e, menores, as sequelas da doen\u00e7a.&nbsp;<\/p>\n\n\n\n<blockquote class=\"wp-block-quote is-layout-flow wp-block-quote-is-layout-flow\"><p>\u201cHoje&nbsp;a gente tem muitas op\u00e7\u00f5es, tanto no Sistema \u00danico de Sa\u00fade (SUS) quanto dentro da sa\u00fade suplementar, a doen\u00e7a obrigatoriamente deve ser coberta pelas operadoras de sa\u00fade. Temos uma quantidade de medicamentos dispon\u00edveis muito representativa, desde analg\u00e9sicos a imunossupressores, medicamentos sint\u00e9ticos, modificadores da doen\u00e7a, e medicamentos biol\u00f3gicos, um arsenal bem robusto\u201d, destaca a m\u00e9dica.&nbsp;<\/p><\/blockquote>\n\n\n\n<p>Edi\u00e7\u00e3o: Liliane Farias<\/p>\n","protected":false},"excerpt":{"rendered":"<p>A maioria opta por automedica\u00e7\u00e3o ou posterga o tratamento Por Bruno Bocchini &#8211;&nbsp;Rep\u00f3rter da Ag\u00eancia<\/p>\n","protected":false},"author":2,"featured_media":3837,"comment_status":"open","ping_status":"open","sticky":false,"template":"","format":"standard","meta":{"footnotes":""},"categories":[13],"tags":[],"class_list":["post-3836","post","type-post","status-publish","format-standard","has-post-thumbnail","hentry","category-saude"],"_links":{"self":[{"href":"https:\/\/tvc16.com\/portal\/wp-json\/wp\/v2\/posts\/3836","targetHints":{"allow":["GET"]}}],"collection":[{"href":"https:\/\/tvc16.com\/portal\/wp-json\/wp\/v2\/posts"}],"about":[{"href":"https:\/\/tvc16.com\/portal\/wp-json\/wp\/v2\/types\/post"}],"author":[{"embeddable":true,"href":"https:\/\/tvc16.com\/portal\/wp-json\/wp\/v2\/users\/2"}],"replies":[{"embeddable":true,"href":"https:\/\/tvc16.com\/portal\/wp-json\/wp\/v2\/comments?post=3836"}],"version-history":[{"count":1,"href":"https:\/\/tvc16.com\/portal\/wp-json\/wp\/v2\/posts\/3836\/revisions"}],"predecessor-version":[{"id":3838,"href":"https:\/\/tvc16.com\/portal\/wp-json\/wp\/v2\/posts\/3836\/revisions\/3838"}],"wp:featuredmedia":[{"embeddable":true,"href":"https:\/\/tvc16.com\/portal\/wp-json\/wp\/v2\/media\/3837"}],"wp:attachment":[{"href":"https:\/\/tvc16.com\/portal\/wp-json\/wp\/v2\/media?parent=3836"}],"wp:term":[{"taxonomy":"category","embeddable":true,"href":"https:\/\/tvc16.com\/portal\/wp-json\/wp\/v2\/categories?post=3836"},{"taxonomy":"post_tag","embeddable":true,"href":"https:\/\/tvc16.com\/portal\/wp-json\/wp\/v2\/tags?post=3836"}],"curies":[{"name":"wp","href":"https:\/\/api.w.org\/{rel}","templated":true}]}}