{"id":3839,"date":"2020-10-25T04:20:00","date_gmt":"2020-10-25T04:20:00","guid":{"rendered":"https:\/\/tvc16.com\/portal\/?p=3839"},"modified":"2020-10-25T04:20:00","modified_gmt":"2020-10-25T04:20:00","slug":"gdf-tem-cinco-dias-para-definir-plano-de-retorno-as-aulas-diz-justica","status":"publish","type":"post","link":"https:\/\/tvc16.com\/portal\/2020\/10\/25\/gdf-tem-cinco-dias-para-definir-plano-de-retorno-as-aulas-diz-justica\/","title":{"rendered":"GDF tem cinco dias para definir plano de retorno \u00e0s aulas, diz justi\u00e7a"},"content":{"rendered":"\n<h3 class=\"wp-block-heading\">Acesso \u00e0 educa\u00e7\u00e3o \u00e9 absoluta prioridade, diz juiz da Vara da Inf\u00e2ncia<\/h3>\n\n\n\n<h4 class=\"wp-block-heading\">Por Pedro Peduzzi &#8211; Rep\u00f3rter da Ag\u00eancia Brasil &#8211; Bras\u00edlia<\/h4>\n\n\n\n<p>O juiz titular da Vara da Inf\u00e2ncia e da Juventude (VIJ-DF) Renato Scussel deu um prazo de cinco dias para que o Governo do Distrito Federal (GDF) apresente um plano de retorno \u00e0s aulas presenciais nas creches e escolas de ensino infantil, fundamental e m\u00e9dio da rede p\u00fablica de ensino.<img decoding=\"async\" src=\"https:\/\/agenciabrasil.ebc.com.br\/ebc.png?id=1391459&amp;o=node\"><img decoding=\"async\" src=\"https:\/\/agenciabrasil.ebc.com.br\/ebc.gif?id=1391459&amp;o=node\"><\/p>\n\n\n\n<p>Na decis\u00e3o anunciada nesta sexta-feira (24) em resposta \u00e0 a\u00e7\u00e3o civil p\u00fablica proposta pelo Minist\u00e9rio P\u00fablico do Distrito Federal e Territ\u00f3rios em desfavor do Distrito Federal, Scussel informa que \u201co processo de retorno dever\u00e1 ser completamente conclu\u00eddo em at\u00e9 20 dias.\u201d<\/p>\n\n\n\n<p>Segundo o magistrado, dispositivos da Constitui\u00e7\u00e3o Federal determinam ser dever do Estado assegurar \u00e0 crian\u00e7a e ao adolescente, com absoluta prioridade, o direito fundamental de acesso \u00e0 educa\u00e7\u00e3o. \u201cSob este enfoque, o direito visa que seja garantida a retomada das aulas presenciais para todas as crian\u00e7as e adolescentes da rede p\u00fablica de ensino do Distrito Federal, assegurando-lhes o direito prec\u00edpuo de educa\u00e7\u00e3o\u201d, disse por meio de nota divulgada pela VIJ-DF.<\/p>\n\n\n\n<p>Scussel acrescenta que o Estado caminha para a normaliza\u00e7\u00e3o das atividades essenciais ou n\u00e3o, com a abertura de diversos setores da sociedade, e que os \u00f3rg\u00e3os de sa\u00fade j\u00e1 v\u00eam apresentando recomenda\u00e7\u00f5es suficientes para o funcionamento das atividades escolares. \u201cAfigura-se p\u00fablico e not\u00f3rio que as escolas particulares j\u00e1 foram reabertas e retornaram \u00e0s suas atividades bem como o com\u00e9rcio, os locais de cultos religiosos e h\u00e1 autoriza\u00e7\u00e3o para a realiza\u00e7\u00e3o de espet\u00e1culos p\u00fablicos, n\u00e3o sendo justo e nem tampouco l\u00edcito que, num pa\u00eds carente de educa\u00e7\u00e3o, as crian\u00e7as e adolescentes que utilizam o sistema p\u00fablico de ensino sejam tolhidos no seu direito prec\u00edpuo de educa\u00e7\u00e3o\u201d, complementou o juiz.<\/p>\n\n\n\n<p>Edi\u00e7\u00e3o: Pedro Ivo de Oliveira<\/p>\n","protected":false},"excerpt":{"rendered":"<p>Acesso \u00e0 educa\u00e7\u00e3o \u00e9 absoluta prioridade, diz juiz da Vara da Inf\u00e2ncia Por Pedro Peduzzi<\/p>\n","protected":false},"author":2,"featured_media":3840,"comment_status":"open","ping_status":"open","sticky":false,"template":"","format":"standard","meta":{"footnotes":""},"categories":[19],"tags":[],"class_list":["post-3839","post","type-post","status-publish","format-standard","has-post-thumbnail","hentry","category-educacao"],"_links":{"self":[{"href":"https:\/\/tvc16.com\/portal\/wp-json\/wp\/v2\/posts\/3839","targetHints":{"allow":["GET"]}}],"collection":[{"href":"https:\/\/tvc16.com\/portal\/wp-json\/wp\/v2\/posts"}],"about":[{"href":"https:\/\/tvc16.com\/portal\/wp-json\/wp\/v2\/types\/post"}],"author":[{"embeddable":true,"href":"https:\/\/tvc16.com\/portal\/wp-json\/wp\/v2\/users\/2"}],"replies":[{"embeddable":true,"href":"https:\/\/tvc16.com\/portal\/wp-json\/wp\/v2\/comments?post=3839"}],"version-history":[{"count":1,"href":"https:\/\/tvc16.com\/portal\/wp-json\/wp\/v2\/posts\/3839\/revisions"}],"predecessor-version":[{"id":3841,"href":"https:\/\/tvc16.com\/portal\/wp-json\/wp\/v2\/posts\/3839\/revisions\/3841"}],"wp:featuredmedia":[{"embeddable":true,"href":"https:\/\/tvc16.com\/portal\/wp-json\/wp\/v2\/media\/3840"}],"wp:attachment":[{"href":"https:\/\/tvc16.com\/portal\/wp-json\/wp\/v2\/media?parent=3839"}],"wp:term":[{"taxonomy":"category","embeddable":true,"href":"https:\/\/tvc16.com\/portal\/wp-json\/wp\/v2\/categories?post=3839"},{"taxonomy":"post_tag","embeddable":true,"href":"https:\/\/tvc16.com\/portal\/wp-json\/wp\/v2\/tags?post=3839"}],"curies":[{"name":"wp","href":"https:\/\/api.w.org\/{rel}","templated":true}]}}