{"id":384,"date":"2020-09-12T17:23:43","date_gmt":"2020-09-12T17:23:43","guid":{"rendered":"https:\/\/tvc16.com\/portal\/?p=384"},"modified":"2020-09-13T12:58:59","modified_gmt":"2020-09-13T12:58:59","slug":"morre-jornalista-e-vice-presidente-da-appo-rosane-botelho","status":"publish","type":"post","link":"https:\/\/tvc16.com\/portal\/2020\/09\/12\/morre-jornalista-e-vice-presidente-da-appo-rosane-botelho\/","title":{"rendered":"Morre jornalista e vice-presidente da APPO, Rosane Botelho"},"content":{"rendered":"\n<p><br>Morreu hoje (12) \u00e0s 12h40, a jornalista e vice-presidente da Associa\u00e7\u00e3o Petropolitana dos Pacientes Oncol\u00f3gicos (APPO), Rosane Botelho. Ela tinha 40 anos, e estava internada no Hospital Unimed para tratar novamente um c\u00e2ncer. H\u00e1 alguns anos ela j\u00e1 havia enfrentado o c\u00e2ncer de colo de \u00fatero e em 2020 a doen\u00e7a voltou.\u00a0<br>Rosane era tamb\u00e9m a assessora de imprensa da APPO, associa\u00e7\u00e3o da qual fez parte por 20 anos, e sempre foi muita querida por familiares, amigos e as pessoas com quem conviveu. Nas redes sociais a como\u00e7\u00e3o \u00e9 grande e todos ressaltam a for\u00e7a que ela teve ao longo dos anos para enfrentar a doen\u00e7a, sempre com coragem, determina\u00e7\u00e3o e f\u00e9.\u00a0<br>Para Ana Cristina Coelho, presidente da APPO a perda \u00e9 irrepar\u00e1vel. \u201c`Perdemos uma pessoa da fam\u00edlia! Ela era incr\u00edvel, \u00fanica e muito batalhadora. Nunca desanimou do tratamento e sempre se manteve otimista quanto a sua recupera\u00e7\u00e3o\u201d, disse emocionada.<br>O sepultamento e enterro ainda n\u00e3o foram definidos pela fam\u00edlia.<br>A TV Cidade de Petr\u00f3polis sente muito a perda da jornalista Rosane Botelho e deixa em nome da dire\u00e7\u00e3o, e toda equipe, nossos mais sinceros sentimentos.<\/p>\n","protected":false},"excerpt":{"rendered":"<p>Morreu hoje (12) \u00e0s 12h40, a jornalista e vice-presidente da Associa\u00e7\u00e3o Petropolitana dos Pacientes Oncol\u00f3gicos<\/p>\n","protected":false},"author":2,"featured_media":385,"comment_status":"open","ping_status":"open","sticky":false,"template":"","format":"standard","meta":{"footnotes":""},"categories":[12],"tags":[],"class_list":["post-384","post","type-post","status-publish","format-standard","has-post-thumbnail","hentry","category-cidade"],"_links":{"self":[{"href":"https:\/\/tvc16.com\/portal\/wp-json\/wp\/v2\/posts\/384","targetHints":{"allow":["GET"]}}],"collection":[{"href":"https:\/\/tvc16.com\/portal\/wp-json\/wp\/v2\/posts"}],"about":[{"href":"https:\/\/tvc16.com\/portal\/wp-json\/wp\/v2\/types\/post"}],"author":[{"embeddable":true,"href":"https:\/\/tvc16.com\/portal\/wp-json\/wp\/v2\/users\/2"}],"replies":[{"embeddable":true,"href":"https:\/\/tvc16.com\/portal\/wp-json\/wp\/v2\/comments?post=384"}],"version-history":[{"count":2,"href":"https:\/\/tvc16.com\/portal\/wp-json\/wp\/v2\/posts\/384\/revisions"}],"predecessor-version":[{"id":399,"href":"https:\/\/tvc16.com\/portal\/wp-json\/wp\/v2\/posts\/384\/revisions\/399"}],"wp:featuredmedia":[{"embeddable":true,"href":"https:\/\/tvc16.com\/portal\/wp-json\/wp\/v2\/media\/385"}],"wp:attachment":[{"href":"https:\/\/tvc16.com\/portal\/wp-json\/wp\/v2\/media?parent=384"}],"wp:term":[{"taxonomy":"category","embeddable":true,"href":"https:\/\/tvc16.com\/portal\/wp-json\/wp\/v2\/categories?post=384"},{"taxonomy":"post_tag","embeddable":true,"href":"https:\/\/tvc16.com\/portal\/wp-json\/wp\/v2\/tags?post=384"}],"curies":[{"name":"wp","href":"https:\/\/api.w.org\/{rel}","templated":true}]}}