{"id":3845,"date":"2020-10-25T04:29:34","date_gmt":"2020-10-25T04:29:34","guid":{"rendered":"https:\/\/tvc16.com\/portal\/?p=3845"},"modified":"2020-10-25T04:29:34","modified_gmt":"2020-10-25T04:29:34","slug":"europa-se-torna-segunda-regiao-a-ter-250-mil-mortes-por-covid-19","status":"publish","type":"post","link":"https:\/\/tvc16.com\/portal\/2020\/10\/25\/europa-se-torna-segunda-regiao-a-ter-250-mil-mortes-por-covid-19\/","title":{"rendered":"Europa se torna segunda regi\u00e3o a ter 250 mil mortes por covid-19"},"content":{"rendered":"\n<h3 class=\"wp-block-heading\">O Reino Unido lidera o continente em n\u00famero de mortes<\/h3>\n\n\n\n<h4 class=\"wp-block-heading\">Por Anurag Maan e Kavya B &#8211; Reuters &#8211; Londres<\/h4>\n\n\n\n<figure class=\"wp-block-image\"><a href=\"https:\/\/br.reuters.com\/\" target=\"_blank\" rel=\"noreferrer noopener\"><img decoding=\"async\" src=\"https:\/\/agenciabrasil.ebc.com.br\/sites\/default\/files\/styles\/269x0\/public\/logo_parceiros\/logo_reuters.jpg?itok=1pP189Lc\" alt=\"Reuters\"\/><\/a><\/figure>\n\n\n\n<p>A Europa se tornou a segunda regi\u00e3o do mundo, depois da Am\u00e9rica Latina, a superar a marca de 250 mil mortos pela covid-19 neste s\u00e1bado (24), de acordo com uma contagem da Reuters, com n\u00fameros recordes de infec\u00e7\u00f5es pela doen\u00e7a sendo registrados nas \u00faltimas duas semanas.<img decoding=\"async\" src=\"https:\/\/agenciabrasil.ebc.com.br\/ebc.png?id=1391462&amp;o=node\"><img decoding=\"async\" src=\"https:\/\/agenciabrasil.ebc.com.br\/ebc.gif?id=1391462&amp;o=node\"><\/p>\n\n\n\n<p>A Europa registrou 200 mil infec\u00e7\u00f5es di\u00e1rias pela primeira vez na quinta-feira (22), com muitos pa\u00edses do sul do continente registrando nesta semana seus maiores n\u00fameros de casos di\u00e1rios.<\/p>\n\n\n\n<p>A Europa responde por quase 19% das mortes por covid-19 em todo o mundo e por cerca de 22% do n\u00famero de casos, de acordo com a contagem da Reuters.<\/p>\n\n\n\n<p>Reino Unido, It\u00e1lia, Fran\u00e7a, R\u00fassia, B\u00e9lgica e Espanha respondem por quase dois ter\u00e7os das cerca de 250 mil mortes registradas at\u00e9 agora de um total de 8 milh\u00f5es de casos em toda a Europa.<\/p>\n\n\n\n<p>O Reino Unido lidera o continente em n\u00famero de mortes pela doen\u00e7a com 45 mil, seguido de It\u00e1lia, Espanha, Fran\u00e7a e R\u00fassia. Na quinta-feira (22) o primeiro-ministro brit\u00e2nico, Boris Johnson, disse que seu pa\u00eds n\u00e3o pode depender de uma vacina e que ter\u00e1 de adotar outras medidas para frear a pandemia.<\/p>\n","protected":false},"excerpt":{"rendered":"<p>O Reino Unido lidera o continente em n\u00famero de mortes Por Anurag Maan e Kavya<\/p>\n","protected":false},"author":2,"featured_media":3846,"comment_status":"open","ping_status":"open","sticky":false,"template":"","format":"standard","meta":{"footnotes":""},"categories":[22],"tags":[],"class_list":["post-3845","post","type-post","status-publish","format-standard","has-post-thumbnail","hentry","category-internacional"],"_links":{"self":[{"href":"https:\/\/tvc16.com\/portal\/wp-json\/wp\/v2\/posts\/3845","targetHints":{"allow":["GET"]}}],"collection":[{"href":"https:\/\/tvc16.com\/portal\/wp-json\/wp\/v2\/posts"}],"about":[{"href":"https:\/\/tvc16.com\/portal\/wp-json\/wp\/v2\/types\/post"}],"author":[{"embeddable":true,"href":"https:\/\/tvc16.com\/portal\/wp-json\/wp\/v2\/users\/2"}],"replies":[{"embeddable":true,"href":"https:\/\/tvc16.com\/portal\/wp-json\/wp\/v2\/comments?post=3845"}],"version-history":[{"count":1,"href":"https:\/\/tvc16.com\/portal\/wp-json\/wp\/v2\/posts\/3845\/revisions"}],"predecessor-version":[{"id":3847,"href":"https:\/\/tvc16.com\/portal\/wp-json\/wp\/v2\/posts\/3845\/revisions\/3847"}],"wp:featuredmedia":[{"embeddable":true,"href":"https:\/\/tvc16.com\/portal\/wp-json\/wp\/v2\/media\/3846"}],"wp:attachment":[{"href":"https:\/\/tvc16.com\/portal\/wp-json\/wp\/v2\/media?parent=3845"}],"wp:term":[{"taxonomy":"category","embeddable":true,"href":"https:\/\/tvc16.com\/portal\/wp-json\/wp\/v2\/categories?post=3845"},{"taxonomy":"post_tag","embeddable":true,"href":"https:\/\/tvc16.com\/portal\/wp-json\/wp\/v2\/tags?post=3845"}],"curies":[{"name":"wp","href":"https:\/\/api.w.org\/{rel}","templated":true}]}}