{"id":3851,"date":"2020-10-25T04:33:07","date_gmt":"2020-10-25T04:33:07","guid":{"rendered":"https:\/\/tvc16.com\/portal\/?p=3851"},"modified":"2020-10-25T04:33:07","modified_gmt":"2020-10-25T04:33:07","slug":"itamaraty-envia-mensagem-de-saudacao-ao-presidente-eleito-da-bolivia","status":"publish","type":"post","link":"https:\/\/tvc16.com\/portal\/2020\/10\/25\/itamaraty-envia-mensagem-de-saudacao-ao-presidente-eleito-da-bolivia\/","title":{"rendered":"Itamaraty envia mensagem de sauda\u00e7\u00e3o ao presidente eleito da Bol\u00edvia"},"content":{"rendered":"\n<h3 class=\"wp-block-heading\">Brasil elogiou clima de \u201ctranquilidade e harmonia\u201d do processo<\/h3>\n\n\n\n<h4 class=\"wp-block-heading\">Por Pedro Peduzzi &#8211; Rep\u00f3rter da Ag\u00eancia Brasil &#8211; Bras\u00edlia<\/h4>\n\n\n\n<p>O Minist\u00e9rio das Rela\u00e7\u00f5es Exteriores enviou uma mensagem ao&nbsp;<a href=\"https:\/\/agenciabrasil.ebc.com.br\/internacional\/noticia\/2020-10\/luis-arce-assume-vitoria-na-bolivia-antes-do-resultado-oficial\" target=\"_blank\" rel=\"noreferrer noopener\">presidente eleito da Bol\u00edvia<\/a>, Luis Alberto Arce Catacora, e ao vice, David Choquehuanca, felicitando-os pela vit\u00f3ria no pleito. Nela, o governo brasileiro sa\u00fada povo e governo bolivianos pelo clima de \u201ctranquilidade e harmonia\u201d registrado durante o processo eleitoral, bem como pela \u201catua\u00e7\u00e3o independente do Tribunal Supremo Eleitoral\u201d na contagem oficial dos votos.<img decoding=\"async\" src=\"https:\/\/agenciabrasil.ebc.com.br\/ebc.png?id=1391458&amp;o=node\"><img decoding=\"async\" src=\"https:\/\/agenciabrasil.ebc.com.br\/ebc.gif?id=1391458&amp;o=node\"><\/p>\n\n\n\n<p>\u201cO Governo brasileiro congratula-se com as for\u00e7as pol\u00edticas do pa\u00eds pelo respeito \u00e0 vontade popular expressa nas urnas. Reconhece, em particular, a import\u00e2ncia da participa\u00e7\u00e3o dos observadores independentes das miss\u00f5es que acompanharam a vota\u00e7\u00e3o \u2013 da OEA, do Parlasul, da Uni\u00e3o Europeia, das Na\u00e7\u00f5es Unidas, da Uniore e do Instituto Carter Center \u2013 cujo escrut\u00ednio contribuiu para afian\u00e7ar a legitimidade e transpar\u00eancia do pleito e garantir que fosse respeitado o desejo soberano do povo boliviano na escolha de seus dirigentes\u201d, diz a mensagem.<\/p>\n\n\n\n<p>O Itamaraty reafirmou a disposi\u00e7\u00e3o do governo brasileiro em trabalhar com as novas autoridades bolivianas \u201ccom vistas \u00e0 implementa\u00e7\u00e3o de iniciativas de interesse comum e no \u00e2mbito dos la\u00e7os de amizade, vizinhan\u00e7a e de coopera\u00e7\u00e3o que unem os dois pa\u00edses e seus povos.\u201d<\/p>\n\n\n\n<p>Ap\u00f3s ter sido apontado, segundo pesquisas de boca de urna, como vencedor das elei\u00e7\u00f5es, Arce disse que a Bol\u00edvia &#8220;voltou \u00e0 democracia&#8221;, e que far\u00e1 um governo em prol de todos os bolivianos. &#8220;Vamos constituir um governo de unidade nacional&#8221;, declarou o candidato vitorioso, que foi ministro da Economia e Finan\u00e7as P\u00fablicas da Bol\u00edvia em duas ocasi\u00f5es durante o governo de Evo Morales &#8211; presidente da Bol\u00edvia por tr\u00eas mandatos consecutivos, de 2006 a 2019.<\/p>\n\n\n\n<p>Sob a justificativa de evitar a continuidade de conflitos violentos que ocorreram em 2019 ap\u00f3s um relat\u00f3rio preliminar da Organiza\u00e7\u00e3o dos Estados Americanos (OEA) levantar suspeitas sobre as elei\u00e7\u00f5es presidenciais bolivianas na \u00e9poca, Evo Morales convocou novas elei\u00e7\u00f5es e, em seguida, se exilou no M\u00e9xico e, depois, na Argentina, onde ainda permanece.<\/p>\n\n\n\n<p>Edi\u00e7\u00e3o: Pedro Ivo de Oliveira<\/p>\n","protected":false},"excerpt":{"rendered":"<p>Brasil elogiou clima de \u201ctranquilidade e harmonia\u201d do processo Por Pedro Peduzzi &#8211; Rep\u00f3rter da<\/p>\n","protected":false},"author":2,"featured_media":3852,"comment_status":"open","ping_status":"open","sticky":false,"template":"","format":"standard","meta":{"footnotes":""},"categories":[22],"tags":[],"class_list":["post-3851","post","type-post","status-publish","format-standard","has-post-thumbnail","hentry","category-internacional"],"_links":{"self":[{"href":"https:\/\/tvc16.com\/portal\/wp-json\/wp\/v2\/posts\/3851","targetHints":{"allow":["GET"]}}],"collection":[{"href":"https:\/\/tvc16.com\/portal\/wp-json\/wp\/v2\/posts"}],"about":[{"href":"https:\/\/tvc16.com\/portal\/wp-json\/wp\/v2\/types\/post"}],"author":[{"embeddable":true,"href":"https:\/\/tvc16.com\/portal\/wp-json\/wp\/v2\/users\/2"}],"replies":[{"embeddable":true,"href":"https:\/\/tvc16.com\/portal\/wp-json\/wp\/v2\/comments?post=3851"}],"version-history":[{"count":1,"href":"https:\/\/tvc16.com\/portal\/wp-json\/wp\/v2\/posts\/3851\/revisions"}],"predecessor-version":[{"id":3853,"href":"https:\/\/tvc16.com\/portal\/wp-json\/wp\/v2\/posts\/3851\/revisions\/3853"}],"wp:featuredmedia":[{"embeddable":true,"href":"https:\/\/tvc16.com\/portal\/wp-json\/wp\/v2\/media\/3852"}],"wp:attachment":[{"href":"https:\/\/tvc16.com\/portal\/wp-json\/wp\/v2\/media?parent=3851"}],"wp:term":[{"taxonomy":"category","embeddable":true,"href":"https:\/\/tvc16.com\/portal\/wp-json\/wp\/v2\/categories?post=3851"},{"taxonomy":"post_tag","embeddable":true,"href":"https:\/\/tvc16.com\/portal\/wp-json\/wp\/v2\/tags?post=3851"}],"curies":[{"name":"wp","href":"https:\/\/api.w.org\/{rel}","templated":true}]}}