{"id":3854,"date":"2020-10-25T04:35:16","date_gmt":"2020-10-25T04:35:16","guid":{"rendered":"https:\/\/tvc16.com\/portal\/?p=3854"},"modified":"2020-10-25T04:36:12","modified_gmt":"2020-10-25T04:36:12","slug":"bienal-do-rio-promove-festival-conexoes-com-pensadores-e-escritores","status":"publish","type":"post","link":"https:\/\/tvc16.com\/portal\/2020\/10\/25\/bienal-do-rio-promove-festival-conexoes-com-pensadores-e-escritores\/","title":{"rendered":"Bienal do Rio promove Festival Conex\u00f5es com pensadores e escritores"},"content":{"rendered":"\n<h3 class=\"wp-block-heading\">Atualidade, redes sociais e pandemia estar\u00e3o em mesa de debates<\/h3>\n\n\n\n<h4 class=\"wp-block-heading\">Por Vin\u00edcius Lisboa &#8211; Rep\u00f3rter da Ag\u00eancia Brasil &#8211; Rio de Janeiro<\/h4>\n\n\n\n<p>A Bienal do Livro Rio promove um festival online, hoje (24) e amanh\u00e3 (25), com discuss\u00f5es de temas culturais e atuais a partir do ponto de vista de escritores, pensadores e personalidades brasileiras e estrangeiras. Chamado Festival Conex\u00f5es, o evento \u00e9 inspirado na feira que ocorre no Riocentro a cada dois anos e tem curadoria das jornalistas e escritoras Bianca Ramoneda e Joselia Aguiar.<img decoding=\"async\" src=\"https:\/\/agenciabrasil.ebc.com.br\/ebc.png?id=1391476&amp;o=node\"><img decoding=\"async\" src=\"https:\/\/agenciabrasil.ebc.com.br\/ebc.gif?id=1391476&amp;o=node\"><\/p>\n\n\n\n<p>No s\u00e1bado (24), a primeira discuss\u00e3o come\u00e7a \u00e0s 16h, e reunir\u00e1 a escritora e ju\u00edza Andr\u00e9a Pach\u00e1, a fundadora do Instituto Identidades do Brasil, Luana Gen\u00f3t e a pesquisadora Ilona Szab\u00f3, que trazem diferentes perspectivas sobre o pa\u00eds nas redes sociais e plataformas online.<\/p>\n\n\n\n<p>\u00c0s 17h, as jornalistas Fl\u00e1via Oliveira e Patricia Campos comp\u00f5em a segunda mesa, sobre a vida diante das telas, com a escritora Ruth Maus e o psicanalista Christian Dunker.&nbsp;&nbsp;<\/p>\n\n\n\n<p>Na \u00faltima atividade do s\u00e1bado, \u00e0s 18h, o luto e as mudan\u00e7as provocadas pela pandemia de covid-19 ser\u00e3o discutidos pela escritora Eliana Alves Cruz, a m\u00e9dica Ana Quintana, o estilista Ronaldo Fraga, o historiador Luiz Antonio Simas e o fil\u00f3sofo Leonardo Boff.<\/p>\n\n\n\n<p>A programa\u00e7\u00e3o continua no domingo, com a participa\u00e7\u00e3o de nomes como a jornalista \u00c9rica Imenes, a escritora Holly Black o escritor Milton Hatoum e o cantor Ney Matogrosso.<\/p>\n\n\n\n<p>Edi\u00e7\u00e3o: Pedro Ivo de Oliveira<\/p>\n","protected":false},"excerpt":{"rendered":"<p>Atualidade, redes sociais e pandemia estar\u00e3o em mesa de debates Por Vin\u00edcius Lisboa &#8211; Rep\u00f3rter<\/p>\n","protected":false},"author":2,"featured_media":3856,"comment_status":"open","ping_status":"open","sticky":false,"template":"","format":"standard","meta":{"footnotes":""},"categories":[21],"tags":[],"class_list":["post-3854","post","type-post","status-publish","format-standard","has-post-thumbnail","hentry","category-cultura"],"_links":{"self":[{"href":"https:\/\/tvc16.com\/portal\/wp-json\/wp\/v2\/posts\/3854","targetHints":{"allow":["GET"]}}],"collection":[{"href":"https:\/\/tvc16.com\/portal\/wp-json\/wp\/v2\/posts"}],"about":[{"href":"https:\/\/tvc16.com\/portal\/wp-json\/wp\/v2\/types\/post"}],"author":[{"embeddable":true,"href":"https:\/\/tvc16.com\/portal\/wp-json\/wp\/v2\/users\/2"}],"replies":[{"embeddable":true,"href":"https:\/\/tvc16.com\/portal\/wp-json\/wp\/v2\/comments?post=3854"}],"version-history":[{"count":1,"href":"https:\/\/tvc16.com\/portal\/wp-json\/wp\/v2\/posts\/3854\/revisions"}],"predecessor-version":[{"id":3855,"href":"https:\/\/tvc16.com\/portal\/wp-json\/wp\/v2\/posts\/3854\/revisions\/3855"}],"wp:featuredmedia":[{"embeddable":true,"href":"https:\/\/tvc16.com\/portal\/wp-json\/wp\/v2\/media\/3856"}],"wp:attachment":[{"href":"https:\/\/tvc16.com\/portal\/wp-json\/wp\/v2\/media?parent=3854"}],"wp:term":[{"taxonomy":"category","embeddable":true,"href":"https:\/\/tvc16.com\/portal\/wp-json\/wp\/v2\/categories?post=3854"},{"taxonomy":"post_tag","embeddable":true,"href":"https:\/\/tvc16.com\/portal\/wp-json\/wp\/v2\/tags?post=3854"}],"curies":[{"name":"wp","href":"https:\/\/api.w.org\/{rel}","templated":true}]}}