{"id":3857,"date":"2020-10-25T14:56:08","date_gmt":"2020-10-25T14:56:08","guid":{"rendered":"https:\/\/tvc16.com\/portal\/?p=3857"},"modified":"2020-10-25T14:56:08","modified_gmt":"2020-10-25T14:56:08","slug":"rn-secretaria-do-estado-orienta-unidades-de-saude-a-investigarem-possiveis-casos-de-reinfeccao-por-covid-19","status":"publish","type":"post","link":"https:\/\/tvc16.com\/portal\/2020\/10\/25\/rn-secretaria-do-estado-orienta-unidades-de-saude-a-investigarem-possiveis-casos-de-reinfeccao-por-covid-19\/","title":{"rendered":"RN: Secretaria do estado orienta unidades de sa\u00fade a investigarem poss\u00edveis casos de reinfec\u00e7\u00e3o por Covid-19"},"content":{"rendered":"\n<p>A Secretaria de estado de Sa\u00fade P\u00fablica do Rio Grande do Norte solicitou, por meio de nota t\u00e9cnica, que as unidades de sa\u00fade acompanhem pacientes com Covid-19 por tempo prolongado. A ideia \u00e9 investigar poss\u00edveis casos de reaparecimento de sintomas ap\u00f3s 60 dias do resultado positivo para o novo coronav\u00edrus.<\/p>\n\n\n\n<p>De acordo com a vigil\u00e2ncia epidemiol\u00f3gica da Secretaria, a preocupa\u00e7\u00e3o do estado \u00e9 com os casos de reinfec\u00e7\u00e3o da Covid-19, apesar de ainda n\u00e3o haver registros desse tipo. O acompanhamento se deve por conta de experi\u00eancias em outras partes do mundo, que j\u00e1 registraram casos de reinfec\u00e7\u00e3o.<\/p>\n\n\n\n<p><strong><a href=\"https:\/\/brasil61.com\/noticias\/camex-zera-imposto-de-importacao-para-lista-de-materiais-hospitalares-bras202317\" target=\"_blank\" rel=\"noreferrer noopener\">Camex zera imposto de importa\u00e7\u00e3o para lista de materiais hospitalares<\/a><\/strong><\/p>\n\n\n\n<p><strong><a href=\"https:\/\/brasil61.com\/noticias\/governo-federal-divulga-balanco-do-fundo-constitucional-de-financiamento-do-nordeste-emergencial-bras202315\" target=\"_blank\" rel=\"noreferrer noopener\">Governo Federal divulga balan\u00e7o do Fundo Constitucional de Financiamento do Nordeste emergencial<\/a><\/strong><\/p>\n\n\n\n<p><strong><a href=\"https:\/\/brasil61.com\/noticias\/postos-de-vacinacao-seguirao-medidas-de-seguranca-contra-a-covid-19-bras202316\" target=\"_blank\" rel=\"noreferrer noopener\">Postos de vacina\u00e7\u00e3o seguir\u00e3o medidas de seguran\u00e7a contra a Covid-19<\/a><\/strong><\/p>\n\n\n\n<p>A nota t\u00e9cnica, segundo o \u00f3rg\u00e3o, tem o objetivo de sensibilizar a rede de sa\u00fade para capta\u00e7\u00e3o desses poss\u00edveis casos, definindo os procedimentos necess\u00e1rios para investiga\u00e7\u00e3o. Os laborat\u00f3rios p\u00fablicos e privados n\u00e3o est\u00e3o autorizados a descartar amostras positivas para SARS-CoV2, devendo o seu armazenamento, neste momento, ser realizado por prazo indeterminado.<\/p>\n\n\n\n<p>A orienta\u00e7\u00e3o \u00e9 de que devem ser investigados os casos de pacientes que apresentem sintomas de s\u00edndrome gripal ou s\u00edndrome respirat\u00f3ria aguda grave ap\u00f3s 60 dias dos primeiros sinais e sintomas confirmados para o novo coronav\u00edrus, por meio do resultado de RT-PCR positivo.<\/p>\n\n\n\n<p>De acordo com o boletim epidemiol\u00f3gico da Secretaria de Sa\u00fade do Rio Grande do Norte, j\u00e1 foram registrados quase 80 mil casos confirmados para Covid-19 at\u00e9 o in\u00edcio dessa semana (20). At\u00e9 o momento, pouco mais de 2,5 mil pessoas morreram no estado em decorr\u00eancia da doen\u00e7a.<br>&nbsp;<\/p>\n\n\n\n<p>Fonte: <a href=\"https:\/\/brasil61.com\/noticias\/rn-secretaria-do-estado-orienta-unidades-de-saude-a-investigarem-possiveis-casos-de-reinfeccao-por-covid-19-bras202331?email=bethdeoliveira@yahoo.com.br&amp;utm_source=newsletter&amp;utm_medium=newsletter&amp;utm_campaign=newsletter\" target=\"_blank\" rel=\"noreferrer noopener\">Brasil 61<\/a><\/p>\n","protected":false},"excerpt":{"rendered":"<p>A Secretaria de estado de Sa\u00fade P\u00fablica do Rio Grande do Norte solicitou, por meio<\/p>\n","protected":false},"author":2,"featured_media":3858,"comment_status":"open","ping_status":"open","sticky":false,"template":"","format":"standard","meta":{"footnotes":""},"categories":[13],"tags":[],"class_list":["post-3857","post","type-post","status-publish","format-standard","has-post-thumbnail","hentry","category-saude"],"_links":{"self":[{"href":"https:\/\/tvc16.com\/portal\/wp-json\/wp\/v2\/posts\/3857","targetHints":{"allow":["GET"]}}],"collection":[{"href":"https:\/\/tvc16.com\/portal\/wp-json\/wp\/v2\/posts"}],"about":[{"href":"https:\/\/tvc16.com\/portal\/wp-json\/wp\/v2\/types\/post"}],"author":[{"embeddable":true,"href":"https:\/\/tvc16.com\/portal\/wp-json\/wp\/v2\/users\/2"}],"replies":[{"embeddable":true,"href":"https:\/\/tvc16.com\/portal\/wp-json\/wp\/v2\/comments?post=3857"}],"version-history":[{"count":1,"href":"https:\/\/tvc16.com\/portal\/wp-json\/wp\/v2\/posts\/3857\/revisions"}],"predecessor-version":[{"id":3859,"href":"https:\/\/tvc16.com\/portal\/wp-json\/wp\/v2\/posts\/3857\/revisions\/3859"}],"wp:featuredmedia":[{"embeddable":true,"href":"https:\/\/tvc16.com\/portal\/wp-json\/wp\/v2\/media\/3858"}],"wp:attachment":[{"href":"https:\/\/tvc16.com\/portal\/wp-json\/wp\/v2\/media?parent=3857"}],"wp:term":[{"taxonomy":"category","embeddable":true,"href":"https:\/\/tvc16.com\/portal\/wp-json\/wp\/v2\/categories?post=3857"},{"taxonomy":"post_tag","embeddable":true,"href":"https:\/\/tvc16.com\/portal\/wp-json\/wp\/v2\/tags?post=3857"}],"curies":[{"name":"wp","href":"https:\/\/api.w.org\/{rel}","templated":true}]}}