{"id":3860,"date":"2020-10-25T14:59:07","date_gmt":"2020-10-25T14:59:07","guid":{"rendered":"https:\/\/tvc16.com\/portal\/?p=3860"},"modified":"2020-10-25T14:59:07","modified_gmt":"2020-10-25T14:59:07","slug":"governo-estuda-transformar-fundos-de-desenvolvimento-regional-em-fundos-de-natureza-privada","status":"publish","type":"post","link":"https:\/\/tvc16.com\/portal\/2020\/10\/25\/governo-estuda-transformar-fundos-de-desenvolvimento-regional-em-fundos-de-natureza-privada\/","title":{"rendered":"Governo estuda transformar fundos de desenvolvimento regional em fundos de natureza privada"},"content":{"rendered":"\n<p>Segundo o Minist\u00e9rio do Desenvolvimento Regional, objetivo \u00e9 fomentar a atividade econ\u00f4mica no Norte, Nordeste e Centro-Oeste<\/p>\n\n\n\n<p>O Minist\u00e9rio do Desenvolvimento Regional (MDR) estuda transformar Fundos de Desenvolvimento Regional do Norte, do Nordeste e do Centro-Oeste em fundos de natureza privada. Segundo o Governo Federal, o objetivo da medida \u00e9 estimular&nbsp;a atividade econ\u00f4mica nessas regi\u00f5es ao abrir as portas para a atra\u00e7\u00e3o de investimentos privados para projetos de infraestrutura e a renegocia\u00e7\u00e3o de d\u00edvidas de empreendedores com os fundos constitucionais e de investimento sob responsabilidade do MDR.&nbsp;<br><br>Pelo estudo da pasta, os fundos poder\u00e3o ser utilizados como garantidores de parcerias p\u00fablico-privadas (PPPs) e tamb\u00e9m atuar por meio da participa\u00e7\u00e3o em fundos de investimentos que tenham como foco \u00e1reas como saneamento b\u00e1sico, mobilidade urbana, ilumina\u00e7\u00e3o p\u00fablica e gest\u00e3o de res\u00edduos s\u00f3lidos.<br><br>Segundo o Executivo, o atual saldo dos Fundos de Desenvolvimento \u00e9 de R$ 6,5 bilh\u00f5es. Pela proposta, esse valor poderia ser repassado para os novos fundos privados sem impactar no resultado prim\u00e1rio. Em 2021, h\u00e1 a ideia de reduzir a taxa de administra\u00e7\u00e3o m\u00e1xima desses fundos de 2,4% para 0,5%.<br><br>\u201cO repasse do atual valor do Fundo de Desenvolvimento poderia ser repassado para os fundos privados desde que fosse criado um espa\u00e7o f\u00edsico, respeitando sempre a redu\u00e7\u00e3o de custos administrativos dos fundos\u201d, explica Amanda Caroline, advogada especialista em Direito Civil e Trabalhista.<br><br>Segundo o ministro do Desenvolvimento Regional, Rog\u00e9rio Marinho, o governo ir\u00e1 mexer a forma de atua\u00e7\u00e3o dos fundos. \u201cO grande problema hoje do Brasil \u00e9 a qualidade dos projetos que s\u00e3o apresentados para serem arrematados pela iniciativa privada. N\u00f3s estamos mudando a forma como os Fundos de Desenvolvimento Regional atuam para permitir que parte dos recursos que l\u00e1 est\u00e3o alocados sejam disponibilizados para estruturar esses projetos\u201d, diz.<br><br>O ministro diz ainda que as especifica\u00e7\u00f5es e condicionantes para que projetos sejam executados estar\u00e3o dispon\u00edveis em editais. \u201cClaro que a sele\u00e7\u00e3o ser\u00e1 feita atrav\u00e9s de editais para que as prefeituras e governos interessados possam se habilitar. A ideia \u00e9 que a cada um real que \u00e9 alocado no desenvolvimento de um projeto de qualidade alavanque pelo menos 100 outros reais\u201d, completa.&nbsp;<\/p>\n\n\n\n<p><strong><a href=\"https:\/\/brasil61.com\/noticias\/pl-determina-que-consorcio-publico-de-direito-privado-integrara-administracao-publica-bras202247\">PL determina que cons\u00f3rcio p\u00fablico de direito privado integrar\u00e1 administra\u00e7\u00e3o p\u00fablica<\/a><\/strong><\/p>\n\n\n\n<p><strong><a href=\"https:\/\/brasil61.com\/noticias\/linha-de-credito-concedida-a-pequenos-empreendedores-chega-a-r-3-bilhoes-bras202198\">Linha de cr\u00e9dito concedida a pequenos empreendedores chega a R$ 3 Bilh\u00f5es<\/a><\/strong><\/p>\n\n\n\n<h2 class=\"wp-block-heading\">D\u00edvidas<\/h2>\n\n\n\n<p>Outra mudan\u00e7a proposta pelo MDR trata da renegocia\u00e7\u00e3o das d\u00edvidas referentes aos Fundos Constitucionais de Financiamento do Norte (FNO), do Nordeste (FNE) e do Centro-Oeste (FCO). O objetivo \u00e9 permitir \u00e0s institui\u00e7\u00f5es financeiras administradoras \u2013 Banco da Amaz\u00f4nia, Banco do Nordeste e Banco do Brasil, respectivamente \u2013 a concess\u00e3o de descontos nesse tipo de opera\u00e7\u00e3o.<br><br>Segundo o Executivo, a medida poder\u00e1 beneficiar 300 mil pessoas f\u00edsicas e jur\u00eddicas das regi\u00f5es. Os descontos podem ser de at\u00e9 70% do valor total dos cr\u00e9ditos a serem renegociados, com prazo de quita\u00e7\u00e3o de at\u00e9 120 meses. As d\u00edvidas ser\u00e3o&nbsp;atualizadas&nbsp;pelos encargos do \u00faltimo contrato.<br><br>\u201cEssa pr\u00e1tica tem uma caracter\u00edstica muito importante que serve para fomentar a regi\u00e3o onde esse empreendedor est\u00e1 estabelecido. A partir do momento em que s\u00e3o criadas condi\u00e7\u00f5es para que o empreendedor consiga arcar com suas d\u00edvidas, o valor que ele vai pagar para os bancos vai ser revertido para que novas opera\u00e7\u00f5es sejam feitas e estimular mais ainda o desenvolvimento regional\u201d, avalia Amanda Caroline.&nbsp;<\/p>\n\n\n\n<p>Fonte: <a href=\"https:\/\/brasil61.com\/noticias\/governo-estuda-transformar-fundos-de-desenvolvimento-regional-em-fundos-de-natureza-privada-bras202323?email=bethdeoliveira@yahoo.com.br&amp;utm_source=newsletter&amp;utm_medium=newsletter&amp;utm_campaign=newsletter\" target=\"_blank\" rel=\"noreferrer noopener\">Brasil 61<\/a><\/p>\n","protected":false},"excerpt":{"rendered":"<p>Segundo o Minist\u00e9rio do Desenvolvimento Regional, objetivo \u00e9 fomentar a atividade econ\u00f4mica no Norte, Nordeste<\/p>\n","protected":false},"author":2,"featured_media":3861,"comment_status":"open","ping_status":"open","sticky":false,"template":"","format":"standard","meta":{"footnotes":""},"categories":[14],"tags":[],"class_list":["post-3860","post","type-post","status-publish","format-standard","has-post-thumbnail","hentry","category-pais"],"_links":{"self":[{"href":"https:\/\/tvc16.com\/portal\/wp-json\/wp\/v2\/posts\/3860","targetHints":{"allow":["GET"]}}],"collection":[{"href":"https:\/\/tvc16.com\/portal\/wp-json\/wp\/v2\/posts"}],"about":[{"href":"https:\/\/tvc16.com\/portal\/wp-json\/wp\/v2\/types\/post"}],"author":[{"embeddable":true,"href":"https:\/\/tvc16.com\/portal\/wp-json\/wp\/v2\/users\/2"}],"replies":[{"embeddable":true,"href":"https:\/\/tvc16.com\/portal\/wp-json\/wp\/v2\/comments?post=3860"}],"version-history":[{"count":1,"href":"https:\/\/tvc16.com\/portal\/wp-json\/wp\/v2\/posts\/3860\/revisions"}],"predecessor-version":[{"id":3862,"href":"https:\/\/tvc16.com\/portal\/wp-json\/wp\/v2\/posts\/3860\/revisions\/3862"}],"wp:featuredmedia":[{"embeddable":true,"href":"https:\/\/tvc16.com\/portal\/wp-json\/wp\/v2\/media\/3861"}],"wp:attachment":[{"href":"https:\/\/tvc16.com\/portal\/wp-json\/wp\/v2\/media?parent=3860"}],"wp:term":[{"taxonomy":"category","embeddable":true,"href":"https:\/\/tvc16.com\/portal\/wp-json\/wp\/v2\/categories?post=3860"},{"taxonomy":"post_tag","embeddable":true,"href":"https:\/\/tvc16.com\/portal\/wp-json\/wp\/v2\/tags?post=3860"}],"curies":[{"name":"wp","href":"https:\/\/api.w.org\/{rel}","templated":true}]}}