{"id":3863,"date":"2020-10-25T15:01:13","date_gmt":"2020-10-25T15:01:13","guid":{"rendered":"https:\/\/tvc16.com\/portal\/?p=3863"},"modified":"2020-10-25T15:01:13","modified_gmt":"2020-10-25T15:01:13","slug":"rs-famurs-declara-apoio-a-prorrogacao-das-aliquotas-do-icms-para-o-proximo-ano","status":"publish","type":"post","link":"https:\/\/tvc16.com\/portal\/2020\/10\/25\/rs-famurs-declara-apoio-a-prorrogacao-das-aliquotas-do-icms-para-o-proximo-ano\/","title":{"rendered":"RS: Famurs declara apoio \u00e0 prorroga\u00e7\u00e3o das al\u00edquotas do ICMS para o pr\u00f3ximo ano"},"content":{"rendered":"\n<p>Objetivo da associa\u00e7\u00e3o \u00e9 assegurar o in\u00edcio de gest\u00e3o de novos prefeitos, evitando uma queda na arrecada\u00e7\u00e3o aos munic\u00edpios<\/p>\n\n\n\n<p>A Federa\u00e7\u00e3o das Associa\u00e7\u00f5es de Munic\u00edpios do Rio Grande do Sul (Famurs) declarou apoio \u00e0 prorroga\u00e7\u00e3o das al\u00edquotas do ICMS para o pr\u00f3ximo ano. Segundo a associa\u00e7\u00e3o, a medida visa assegurar o in\u00edcio de gest\u00e3o de novos prefeitos, evitando uma queda dr\u00e1stica na arrecada\u00e7\u00e3o dos munic\u00edpios. &nbsp;<\/p>\n\n\n\n<p><strong><a href=\"https:\/\/brasil61.com\/noticias\/perdemos-um-terco-da-estrutura-produtiva-nossa-retomada-vai-depender-do-aumento-do-consumo-no-brasil-diz-coordenadora-de-inteligencia-de-mercado-da-abicalcados-bras202324\">\u201cPerdemos um ter\u00e7o da estrutura produtiva. Nossa retomada vai depender do aumento do consumo no Brasil\u201d, diz coordenadora de Intelig\u00eancia de Mercado da Abical\u00e7ados<\/a><\/strong><\/p>\n\n\n\n<p><strong><a href=\"https:\/\/brasil61.com\/noticias\/rs-municipios-do-estado-devem-ter-queda-de-mais-de-r-850-milhoes-em-receita-em-2021-bras202301\">RS: Munic\u00edpios do estado devem ter queda de mais de R$ 850 milh\u00f5es em receita em 2021<\/a><\/strong><br><br>Para o presidente do Conselho de Fazenda e Finan\u00e7as do Estado (Consef\/RS), J\u00f4natas Weber, com a queda de arrecada\u00e7\u00e3o, h\u00e1 uma s\u00e9rie de ajustes nas despesas. Diante do cen\u00e1rio de crise, o presidente do Consef considera que \u00e9 deve-se manter a prorroga\u00e7\u00e3o das al\u00edquotas para mais seguran\u00e7a dos munic\u00edpios no in\u00edcio dos pr\u00f3ximos mandatos.&nbsp;<\/p>\n\n\n\n<p>Fonte: <a href=\"https:\/\/brasil61.com\/noticias\/rs-famurs-declara-apoio-a-prorrogacao-das-aliquotas-do-icms-para-o-proximo-ano-bras202332?email=bethdeoliveira@yahoo.com.br&amp;utm_source=newsletter&amp;utm_medium=newsletter&amp;utm_campaign=newsletter\" target=\"_blank\" rel=\"noreferrer noopener\">Brasil 61<\/a><\/p>\n","protected":false},"excerpt":{"rendered":"<p>Objetivo da associa\u00e7\u00e3o \u00e9 assegurar o in\u00edcio de gest\u00e3o de novos prefeitos, evitando uma queda<\/p>\n","protected":false},"author":2,"featured_media":3864,"comment_status":"open","ping_status":"open","sticky":false,"template":"","format":"standard","meta":{"footnotes":""},"categories":[17],"tags":[],"class_list":["post-3863","post","type-post","status-publish","format-standard","has-post-thumbnail","hentry","category-outras-noticias"],"_links":{"self":[{"href":"https:\/\/tvc16.com\/portal\/wp-json\/wp\/v2\/posts\/3863","targetHints":{"allow":["GET"]}}],"collection":[{"href":"https:\/\/tvc16.com\/portal\/wp-json\/wp\/v2\/posts"}],"about":[{"href":"https:\/\/tvc16.com\/portal\/wp-json\/wp\/v2\/types\/post"}],"author":[{"embeddable":true,"href":"https:\/\/tvc16.com\/portal\/wp-json\/wp\/v2\/users\/2"}],"replies":[{"embeddable":true,"href":"https:\/\/tvc16.com\/portal\/wp-json\/wp\/v2\/comments?post=3863"}],"version-history":[{"count":1,"href":"https:\/\/tvc16.com\/portal\/wp-json\/wp\/v2\/posts\/3863\/revisions"}],"predecessor-version":[{"id":3865,"href":"https:\/\/tvc16.com\/portal\/wp-json\/wp\/v2\/posts\/3863\/revisions\/3865"}],"wp:featuredmedia":[{"embeddable":true,"href":"https:\/\/tvc16.com\/portal\/wp-json\/wp\/v2\/media\/3864"}],"wp:attachment":[{"href":"https:\/\/tvc16.com\/portal\/wp-json\/wp\/v2\/media?parent=3863"}],"wp:term":[{"taxonomy":"category","embeddable":true,"href":"https:\/\/tvc16.com\/portal\/wp-json\/wp\/v2\/categories?post=3863"},{"taxonomy":"post_tag","embeddable":true,"href":"https:\/\/tvc16.com\/portal\/wp-json\/wp\/v2\/tags?post=3863"}],"curies":[{"name":"wp","href":"https:\/\/api.w.org\/{rel}","templated":true}]}}