{"id":3875,"date":"2020-10-25T15:10:18","date_gmt":"2020-10-25T15:10:18","guid":{"rendered":"https:\/\/tvc16.com\/portal\/?p=3875"},"modified":"2020-10-25T15:10:18","modified_gmt":"2020-10-25T15:10:18","slug":"com-retrospecto-favoravel-internacional-encara-flamengo-no-beira-rio","status":"publish","type":"post","link":"https:\/\/tvc16.com\/portal\/2020\/10\/25\/com-retrospecto-favoravel-internacional-encara-flamengo-no-beira-rio\/","title":{"rendered":"Com retrospecto favor\u00e1vel, Internacional encara Flamengo no Beira-Rio"},"content":{"rendered":"\n<h3 class=\"wp-block-heading\">Colorado conta com artilheiro do Brasileir\u00e3o, com 14 gols<\/h3>\n\n\n\n<h4 class=\"wp-block-heading\">Por Rafael Monteiro &#8211; Rep\u00f3rter da R\u00e1dio Nacional &#8211; Rio de Janeiro<\/h4>\n\n\n\n<p>O Internacional encara o Flamengo neste domingo (25), \u00e0s 18h15 (hor\u00e1rio de Bras\u00edlia) no est\u00e1dio Beira-Rio, em Porto Alegre (RS), pela 18\u00aa rodada do Campeonato Brasileiro. Os colorados levam ampla vantagem contra os rubro-negros atuando como mandante. A\u00a0<strong>R\u00e1dio Nacional<\/strong>\u00a0transmite a partida.<img decoding=\"async\" src=\"https:\/\/agenciabrasil.ebc.com.br\/ebc.png?id=1391472&amp;o=node\"><img decoding=\"async\" src=\"https:\/\/agenciabrasil.ebc.com.br\/ebc.gif?id=1391472&amp;o=node\"><\/p>\n\n\n\n<p>Levando em considera\u00e7\u00e3o somente partidas disputadas pelo Brasileir\u00e3o no formato de pontos corridos, desde 2003, em 16 embates, os cariocas venceram apenas uma vez na condi\u00e7\u00e3o de visitantes. J\u00e1 os ga\u00fachos triunfaram em 11 oportunidades e quatro jogos terminaram empatados. Al\u00e9m disso, o retrospecto positivo tamb\u00e9m fica demonstrado no n\u00famero de gols marcados nos confrontos: 27 a 7 a favor dos donos da casa. No ano passado, quando o Flamengo levou a ta\u00e7a de campe\u00e3o Brasileiro, o Internacional venceu por 2 a 1 no Beira-Rio.<\/p>\n\n\n\n<p>A \u00fanica derrota do Inter foi em 2015. Na ocasi\u00e3o, o Flamengo venceu por 2 a 1. O gol da vit\u00f3ria foi marcado pelo peruano Paolo Guerrero, que atualmente defende o Colorado. O jogador se recupera de les\u00e3o no joelho direito sofrida em agosto, na derrota por 2 a 1 para o Fluminense no Maracan\u00e3. A previs\u00e3o para que Guerrero volte a defender as cores do clube ga\u00facho \u00e9 apenas no ano que vem.<\/p>\n\n\n\n<p>Entretanto, apesar das lembran\u00e7as negativas fora de casa, o \u00faltimo duelo, que terminou empatado por 1 a 1 na Libertadores, teve sabor de vit\u00f3ria para os rubro-negros. Mesmo com placar em igualdade, o Flamengo eliminou o Internacional nas quartas de final da competi\u00e7\u00e3o continental, ap\u00f3s vencer o jogo de ida por 2 a 0 no Maracan\u00e3.<\/p>\n\n\n\n<h2 class=\"wp-block-heading\">Duelo de artilheiros<\/h2>\n\n\n\n<p>O meio-campista Thiago Galhardo \u00e9 a maior esperan\u00e7a de gols do Internacional. Artilheiro do Brasileir\u00e3o, tendo balan\u00e7ado 14 vezes as redes dos advers\u00e1rios, o jogador marcou a metade dos gols feitos dos colorados na competi\u00e7\u00e3o. Com 28 gols, a equipe ga\u00facha tem o terceiro melhor ataque do campeonato, atr\u00e1s somente de Flamengo, que fez 30, e Atl\u00e9tico-MG, com 31.<\/p>\n\n\n\n<p>Pelo lado da equipe rubro-negra o atacante Pedro tem mostrado que a pontaria est\u00e1 afiada, ocupando o posto de artilheiro do clube no Campeonato Brasileiro com oito gols marcados.<\/p>\n\n\n\n<h2 class=\"wp-block-heading\">Transmiss\u00e3o da R\u00e1dio Nacional<\/h2>\n\n\n\n<p>A partida entre Internacional e Flamengo ser\u00e1 transmitida ao vivo pela&nbsp;<strong>R\u00e1dio Nacional<\/strong>, com narra\u00e7\u00e3o de Andr\u00e9 Luiz Mendes, coment\u00e1rios de Waldir Luiz e reportagem de Rafael Monteiro. O Show de Bola Nacional come\u00e7a as 18h. Voc\u00ea escuta a&nbsp;<strong>R\u00e1dio Nacional<\/strong>&nbsp;aqui:<\/p>\n\n\n\n<p><a href=\"https:\/\/aovivo.ebc.com.br\/embed-audio.html?emissora=radio-nacional-do-rio-de-janeiro\">https:\/\/aovivo.ebc.com.br\/embed-audio.html?emissora=radio-nacional-do-rio-de-janeiro<\/a><\/p>\n\n\n\n<p><a href=\"https:\/\/agenciabrasil.ebc.com.br\/esportes\/tabelas\/\">Confira aqui a classifica\u00e7\u00e3o atualizada do Campeonato Brasileiro.<\/a><\/p>\n\n\n\n<p>Edi\u00e7\u00e3o: F\u00e1bio Lisboa<\/p>\n","protected":false},"excerpt":{"rendered":"<p>Colorado conta com artilheiro do Brasileir\u00e3o, com 14 gols Por Rafael Monteiro &#8211; Rep\u00f3rter da<\/p>\n","protected":false},"author":2,"featured_media":3876,"comment_status":"open","ping_status":"open","sticky":false,"template":"","format":"standard","meta":{"footnotes":""},"categories":[20],"tags":[],"class_list":["post-3875","post","type-post","status-publish","format-standard","has-post-thumbnail","hentry","category-esporte"],"_links":{"self":[{"href":"https:\/\/tvc16.com\/portal\/wp-json\/wp\/v2\/posts\/3875","targetHints":{"allow":["GET"]}}],"collection":[{"href":"https:\/\/tvc16.com\/portal\/wp-json\/wp\/v2\/posts"}],"about":[{"href":"https:\/\/tvc16.com\/portal\/wp-json\/wp\/v2\/types\/post"}],"author":[{"embeddable":true,"href":"https:\/\/tvc16.com\/portal\/wp-json\/wp\/v2\/users\/2"}],"replies":[{"embeddable":true,"href":"https:\/\/tvc16.com\/portal\/wp-json\/wp\/v2\/comments?post=3875"}],"version-history":[{"count":1,"href":"https:\/\/tvc16.com\/portal\/wp-json\/wp\/v2\/posts\/3875\/revisions"}],"predecessor-version":[{"id":3877,"href":"https:\/\/tvc16.com\/portal\/wp-json\/wp\/v2\/posts\/3875\/revisions\/3877"}],"wp:featuredmedia":[{"embeddable":true,"href":"https:\/\/tvc16.com\/portal\/wp-json\/wp\/v2\/media\/3876"}],"wp:attachment":[{"href":"https:\/\/tvc16.com\/portal\/wp-json\/wp\/v2\/media?parent=3875"}],"wp:term":[{"taxonomy":"category","embeddable":true,"href":"https:\/\/tvc16.com\/portal\/wp-json\/wp\/v2\/categories?post=3875"},{"taxonomy":"post_tag","embeddable":true,"href":"https:\/\/tvc16.com\/portal\/wp-json\/wp\/v2\/tags?post=3875"}],"curies":[{"name":"wp","href":"https:\/\/api.w.org\/{rel}","templated":true}]}}