{"id":3878,"date":"2020-10-25T15:12:39","date_gmt":"2020-10-25T15:12:39","guid":{"rendered":"https:\/\/tvc16.com\/portal\/?p=3878"},"modified":"2020-10-25T15:12:39","modified_gmt":"2020-10-25T15:12:39","slug":"lnf-em-meio-a-maratona-joinville-recebe-esperancoso-foz-cataratas","status":"publish","type":"post","link":"https:\/\/tvc16.com\/portal\/2020\/10\/25\/lnf-em-meio-a-maratona-joinville-recebe-esperancoso-foz-cataratas\/","title":{"rendered":"LNF: em meio a maratona, Joinville recebe esperan\u00e7oso Foz Cataratas"},"content":{"rendered":"\n<h3 class=\"wp-block-heading\">JEC mira lideran\u00e7a do Grupo B e Azul\u00e3o ainda sonha com classifica\u00e7\u00e3o<\/h3>\n\n\n\n<h4 class=\"wp-block-heading\">Por Lincoln Chaves &#8211; Rep\u00f3rter da TV Brasil e da R\u00e1dio Nacional &#8211; undefined<\/h4>\n\n\n\n<p>Garantido no mata-mata da Liga Nacional de Futsal (LNF), o Jonville recebe o Foz Cataratas neste domingo (25), no gin\u00e1sio do Centreventos Cau Hansen, em Joinville (SC), de olho na lideran\u00e7a do grupo B. J\u00e1 aos paranaenses, s\u00f3 a vit\u00f3ria interessa para a equipe ainda ter chances de se classificar como melhor quinta colocada geral da primeira fase. A partida ser\u00e1 transmitida ao vivo pela\u00a0<strong>TV Brasil<\/strong>.<img decoding=\"async\" src=\"https:\/\/agenciabrasil.ebc.com.br\/ebc.png?id=1391448&amp;o=node\"><img decoding=\"async\" src=\"https:\/\/agenciabrasil.ebc.com.br\/ebc.gif?id=1391448&amp;o=node\"><\/p>\n\n\n\n<p>Trata-se do segundo duelo entre os rivais na edi\u00e7\u00e3o deste ano da LNF. Em 1\u00ba de setembro, em Foz do Igua\u00e7u (PR), o time catarinense venceu por 2 a 0, com gols do ala Rodriguinho e do fixo Lucas Machado. A partida marcou a estreia do JEC na competi\u00e7\u00e3o, al\u00e9m de ter sido o quarto compromisso do Azul\u00e3o.<\/p>\n\n\n\n<p>Com tr\u00eas partidas a disputar, o Joinville \u00e9 o vice-l\u00edder da chave com 20 pontos, um a menos que o Carlos Barbosa, que j\u00e1 finalizou a participa\u00e7\u00e3o na fase de grupos. O duelo com o Foz ser\u00e1 o quinto em oito dias e apenas o primeiro da sequ\u00eancia sendo mandante. A maratona iniciou no s\u00e1bado da semana passada (17), com a vit\u00f3ria por 4 a 3 sobre o Blumenau, pela LNF. Depois, foram tr\u00eas jogos pelo Campeonato Catarinense, contra Lages (13 a 0), Curitibanos (4 a 4) e S\u00e3o Louren\u00e7o (3 a 5).<\/p>\n\n\n\n<p>O t\u00e9cnico Daniel J\u00fanior optou por usar o elenco principal nos dois primeiros compromissos, poupando-o nos jogos seguintes. Contra Curitibanos e S\u00e3o Louren\u00e7o, o Joinville atuou com atletas que n\u00e3o enfrentaram o Lages, refor\u00e7ados por jogadores do sub-20. Nessas partidas, o time foi dirigido por Herick Pereira, treinador da base e da sele\u00e7\u00e3o brasileira sub-17. Os titulares j\u00e1 voltam \u00e0 quadra neste domingo.<\/p>\n\n\n\n<p>O Foz \u00e9 o sexto colocado do grupo B, com nove pontos, e pode chegar, no m\u00e1ximo, a 15 pontos. O Atl\u00e2ntico, quarto colocado e \u00faltimo time na zona de classifica\u00e7\u00e3o, tem 16. Assim, o Azul\u00e3o das Tr\u00eas Fronteiras s\u00f3 alcan\u00e7ar\u00e1 a segunda fase se for o melhor quinto colocado das tr\u00eas chaves. No grupo A, a posi\u00e7\u00e3o \u00e9 ocupada pela Intelli Tempersul, com 12 pontos. No C, \u00e9 pelo Campo Mour\u00e3o com 10 pontos.<\/p>\n\n\n\n<p>A equipe n\u00e3o atua pela LNF desde o \u00faltimo dia 15, quando superou o Marreco por 2 a 0. Na sequ\u00eancia, enfrentou Umuarama (3 a 2) e Cascavel (0 a 5) por Campeonato Paranaense e Liga Paran\u00e1, respectivamente. Para encarar o JEC h\u00e1 tr\u00eas aus\u00eancias: os alas Pierre e Daniel Feitosa (contundidos) e o fixo Pedro Beraldo, que testou positivo para o novo coronav\u00edrus (covid-19). O fixo L\u00e9o Costa, recuperado de les\u00e3o, est\u00e1 \u00e0 disposi\u00e7\u00e3o de Marlus Sokolowski. O t\u00e9cnico, ali\u00e1s, volta ao banco de reservas depois de cumprir isolamento, ap\u00f3s ter sintomas da covid-19. O exame do treinador deu negativo.<\/p>\n\n\n\n<p>Tamb\u00e9m no domingo, o Corinthians recebe o Bras\u00edlia \u00e0s 12h, enquanto Praia Clube e Minas T\u00eanis Clube fazem o cl\u00e1ssico mineiro da LNF \u00e0s 13h30, em Uberl\u00e2ndia (MG).<\/p>\n\n\n\n<p><a href=\"https:\/\/agenciabrasil.ebc.com.br\/esportes\/tabelas\/liga-nacional-de-futsal.html\">Confira a classifica\u00e7\u00e3o da Liga Nacional de Futsal.<\/a><\/p>\n\n\n\n<p>Edi\u00e7\u00e3o: F\u00e1bio Lisboa<\/p>\n","protected":false},"excerpt":{"rendered":"<p>JEC mira lideran\u00e7a do Grupo B e Azul\u00e3o ainda sonha com classifica\u00e7\u00e3o Por Lincoln Chaves<\/p>\n","protected":false},"author":2,"featured_media":3879,"comment_status":"open","ping_status":"open","sticky":false,"template":"","format":"standard","meta":{"footnotes":""},"categories":[20],"tags":[],"class_list":["post-3878","post","type-post","status-publish","format-standard","has-post-thumbnail","hentry","category-esporte"],"_links":{"self":[{"href":"https:\/\/tvc16.com\/portal\/wp-json\/wp\/v2\/posts\/3878","targetHints":{"allow":["GET"]}}],"collection":[{"href":"https:\/\/tvc16.com\/portal\/wp-json\/wp\/v2\/posts"}],"about":[{"href":"https:\/\/tvc16.com\/portal\/wp-json\/wp\/v2\/types\/post"}],"author":[{"embeddable":true,"href":"https:\/\/tvc16.com\/portal\/wp-json\/wp\/v2\/users\/2"}],"replies":[{"embeddable":true,"href":"https:\/\/tvc16.com\/portal\/wp-json\/wp\/v2\/comments?post=3878"}],"version-history":[{"count":1,"href":"https:\/\/tvc16.com\/portal\/wp-json\/wp\/v2\/posts\/3878\/revisions"}],"predecessor-version":[{"id":3880,"href":"https:\/\/tvc16.com\/portal\/wp-json\/wp\/v2\/posts\/3878\/revisions\/3880"}],"wp:featuredmedia":[{"embeddable":true,"href":"https:\/\/tvc16.com\/portal\/wp-json\/wp\/v2\/media\/3879"}],"wp:attachment":[{"href":"https:\/\/tvc16.com\/portal\/wp-json\/wp\/v2\/media?parent=3878"}],"wp:term":[{"taxonomy":"category","embeddable":true,"href":"https:\/\/tvc16.com\/portal\/wp-json\/wp\/v2\/categories?post=3878"},{"taxonomy":"post_tag","embeddable":true,"href":"https:\/\/tvc16.com\/portal\/wp-json\/wp\/v2\/tags?post=3878"}],"curies":[{"name":"wp","href":"https:\/\/api.w.org\/{rel}","templated":true}]}}