{"id":3884,"date":"2020-10-25T15:26:49","date_gmt":"2020-10-25T15:26:49","guid":{"rendered":"https:\/\/tvc16.com\/portal\/?p=3884"},"modified":"2020-10-25T15:26:49","modified_gmt":"2020-10-25T15:26:49","slug":"morre-aos-88-anos-ex-vereador-philippe-guedon","status":"publish","type":"post","link":"https:\/\/tvc16.com\/portal\/2020\/10\/25\/morre-aos-88-anos-ex-vereador-philippe-guedon\/","title":{"rendered":"Morre, aos 88 anos, ex vereador Philippe Guedon"},"content":{"rendered":"\n<p>Philippe Guedon era franc\u00eas e mudou para Petr\u00f3polis em 1974. Foi vereador na Cidade Imperial entre os anos de 1989 e 1992.<\/p>\n\n\n\n<p>Guedon teve um infarte em casa na manh\u00e3 deste domingo, 25, por volta das 9h. Deixou sete filhos, 12 netos e quatro bisnetos. A fam\u00edlia deve respeitar a vontade de Guedon e ele ser\u00e1 cremado.<\/p>\n","protected":false},"excerpt":{"rendered":"<p>Philippe Guedon era franc\u00eas e mudou para Petr\u00f3polis em 1974. Foi vereador na Cidade Imperial<\/p>\n","protected":false},"author":2,"featured_media":3885,"comment_status":"open","ping_status":"open","sticky":false,"template":"","format":"standard","meta":{"footnotes":""},"categories":[12],"tags":[],"class_list":["post-3884","post","type-post","status-publish","format-standard","has-post-thumbnail","hentry","category-cidade"],"_links":{"self":[{"href":"https:\/\/tvc16.com\/portal\/wp-json\/wp\/v2\/posts\/3884","targetHints":{"allow":["GET"]}}],"collection":[{"href":"https:\/\/tvc16.com\/portal\/wp-json\/wp\/v2\/posts"}],"about":[{"href":"https:\/\/tvc16.com\/portal\/wp-json\/wp\/v2\/types\/post"}],"author":[{"embeddable":true,"href":"https:\/\/tvc16.com\/portal\/wp-json\/wp\/v2\/users\/2"}],"replies":[{"embeddable":true,"href":"https:\/\/tvc16.com\/portal\/wp-json\/wp\/v2\/comments?post=3884"}],"version-history":[{"count":1,"href":"https:\/\/tvc16.com\/portal\/wp-json\/wp\/v2\/posts\/3884\/revisions"}],"predecessor-version":[{"id":3886,"href":"https:\/\/tvc16.com\/portal\/wp-json\/wp\/v2\/posts\/3884\/revisions\/3886"}],"wp:featuredmedia":[{"embeddable":true,"href":"https:\/\/tvc16.com\/portal\/wp-json\/wp\/v2\/media\/3885"}],"wp:attachment":[{"href":"https:\/\/tvc16.com\/portal\/wp-json\/wp\/v2\/media?parent=3884"}],"wp:term":[{"taxonomy":"category","embeddable":true,"href":"https:\/\/tvc16.com\/portal\/wp-json\/wp\/v2\/categories?post=3884"},{"taxonomy":"post_tag","embeddable":true,"href":"https:\/\/tvc16.com\/portal\/wp-json\/wp\/v2\/tags?post=3884"}],"curies":[{"name":"wp","href":"https:\/\/api.w.org\/{rel}","templated":true}]}}