{"id":3887,"date":"2020-10-25T15:43:02","date_gmt":"2020-10-25T15:43:02","guid":{"rendered":"https:\/\/tvc16.com\/portal\/?p=3887"},"modified":"2020-10-25T15:43:02","modified_gmt":"2020-10-25T15:43:02","slug":"petropolis-goumet-seja-a-sua-vigesima-edicao","status":"publish","type":"post","link":"https:\/\/tvc16.com\/portal\/2020\/10\/25\/petropolis-goumet-seja-a-sua-vigesima-edicao\/","title":{"rendered":"Petr\u00f3polis Goumet seja a sua vig\u00e9sima edi\u00e7\u00e3o"},"content":{"rendered":"\n<p><em>28 restaurantes participam do evento este ano, com card\u00e1pios especiais de 30 de outubro a 15 de novembro<\/em><\/p>\n\n\n\n<p>Na edi\u00e7\u00e3o que marca os 20 anos daquele que \u00e9 um dos oito principais festivais gastron\u00f4micos do pa\u00eds, o Petr\u00f3polis Gourmet confirma que a hist\u00f3ria de sucesso n\u00e3o \u00e9 \u00e0 toa. O tema da vez, \u201cA magia do fogo: segredos e sabores que as chamas podem revelar\u201d, prop\u00f5e unir o charme e o aconchego dos restaurantes aos mais variados sabores. E, em tempo de adapta\u00e7\u00f5es ao \u2018novo normal\u201d, o festival inova para garantir que os clientes possam saborear tudo o que o evento oferece da forma como preferirem, oferecendo tamb\u00e9m, pela primeira vez, a op\u00e7\u00e3o de delivery. A edi\u00e7\u00e3o deste ano come\u00e7a no dia 30 de outubro e segue at\u00e9 15 de novembro.&nbsp;<\/p>\n\n\n\n<figure class=\"wp-block-image\"><img loading=\"lazy\" decoding=\"async\" width=\"682\" height=\"1024\" src=\"https:\/\/tvc16.com\/portal\/wp-content\/uploads\/2020\/10\/Adega-do-Mineiro-0381_Easy-Resize.com_-682x1024.jpg\" alt=\"\" class=\"wp-image-2845\" srcset=\"https:\/\/tvc16.com\/portal\/wp-content\/uploads\/2020\/10\/Adega-do-Mineiro-0381_Easy-Resize.com_-682x1024.jpg 682w, https:\/\/tvc16.com\/portal\/wp-content\/uploads\/2020\/10\/Adega-do-Mineiro-0381_Easy-Resize.com_-200x300.jpg 200w, https:\/\/tvc16.com\/portal\/wp-content\/uploads\/2020\/10\/Adega-do-Mineiro-0381_Easy-Resize.com_-768x1152.jpg 768w, https:\/\/tvc16.com\/portal\/wp-content\/uploads\/2020\/10\/Adega-do-Mineiro-0381_Easy-Resize.com_.jpg 853w\" sizes=\"auto, (max-width: 682px) 100vw, 682px\" \/><\/figure>\n\n\n\n<p><br>A proposta do festival \u00e9 oferecer ao p\u00fablico pratos criados a partir do desafio lan\u00e7ado aos chefs. A escolha do fogo, este ano, abriu um leque de possibilidades nas cozinhas.\u00a0 \u201cA gastronomia \u00e9 capaz de despertar as mais variadas sensa\u00e7\u00f5es, levando o p\u00fablico a verdadeiras viagens por diferentes sabores. O Petr\u00f3polis Gourmet busca deixar esta mem\u00f3ria afetiva com um menu completo, com entrada, prato principal e sobremesa. Temos certeza de que ser\u00e1 mais uma vez um sucesso\u201d, diz o presidente do Petr\u00f3polis Convention &amp; Visitors Bureau, entidade respons\u00e1vel pela organiza\u00e7\u00e3o do festival, Samir El Ghaoui.\u00a0 \u00a0<\/p>\n\n\n\n<figure class=\"wp-block-image size-large\"><img loading=\"lazy\" decoding=\"async\" width=\"640\" height=\"427\" src=\"https:\/\/tvc16.com\/portal\/wp-content\/uploads\/2020\/10\/samir.jpg\" alt=\"\" class=\"wp-image-3889\" srcset=\"https:\/\/tvc16.com\/portal\/wp-content\/uploads\/2020\/10\/samir.jpg 640w, https:\/\/tvc16.com\/portal\/wp-content\/uploads\/2020\/10\/samir-300x200.jpg 300w\" sizes=\"auto, (max-width: 640px) 100vw, 640px\" \/><\/figure>\n\n\n\n<p><br>Adaptado ao \u2018novo normal\u2019, o Petr\u00f3polis Gourmet ser\u00e1 diferente. Al\u00e9m da op\u00e7\u00e3o de delivery oferecida por v\u00e1rios restaurantes, todos os estabelecimentos mudaram suas rotinas para cumprir as orienta\u00e7\u00f5es de higiene e seguran\u00e7a. \u201cSer\u00e1 um Petr\u00f3polis Gourmet diferente, mas t\u00e3o especial quanto nos anos anteriores\u201d, garante Samir, lembrando que, al\u00e9m dos pr\u00f3prios moradores de Petr\u00f3polis, muita gente vem \u00e0 cidade com amigos e a fam\u00edlia para curtir o evento.<\/p>\n\n\n\n<p>\u201cO Petr\u00f3polis Gourmet faz parte do calend\u00e1rio da cidade e agora, com a flexibiliza\u00e7\u00e3o das barreiras sanit\u00e1rias, os visitantes poder\u00e3o acessar os restaurantes sem problemas\u201d, comemora, lembrando que estes estabelecimentos seguem operando com a capacidade limitada, seguindo as determina\u00e7\u00f5es das autoridades.<\/p>\n\n\n\n<p>Para saber quais s\u00e3o os restaurantes que participam do festival e ver os pratos que cada um oferece basta acessar o site www.petropolisgourmet.com.br.Compartilhe!<\/p>\n","protected":false},"excerpt":{"rendered":"<p>28 restaurantes participam do evento este ano, com card\u00e1pios especiais de 30 de outubro a<\/p>\n","protected":false},"author":2,"featured_media":3888,"comment_status":"open","ping_status":"open","sticky":false,"template":"","format":"standard","meta":{"footnotes":""},"categories":[12],"tags":[],"class_list":["post-3887","post","type-post","status-publish","format-standard","has-post-thumbnail","hentry","category-cidade"],"_links":{"self":[{"href":"https:\/\/tvc16.com\/portal\/wp-json\/wp\/v2\/posts\/3887","targetHints":{"allow":["GET"]}}],"collection":[{"href":"https:\/\/tvc16.com\/portal\/wp-json\/wp\/v2\/posts"}],"about":[{"href":"https:\/\/tvc16.com\/portal\/wp-json\/wp\/v2\/types\/post"}],"author":[{"embeddable":true,"href":"https:\/\/tvc16.com\/portal\/wp-json\/wp\/v2\/users\/2"}],"replies":[{"embeddable":true,"href":"https:\/\/tvc16.com\/portal\/wp-json\/wp\/v2\/comments?post=3887"}],"version-history":[{"count":1,"href":"https:\/\/tvc16.com\/portal\/wp-json\/wp\/v2\/posts\/3887\/revisions"}],"predecessor-version":[{"id":3890,"href":"https:\/\/tvc16.com\/portal\/wp-json\/wp\/v2\/posts\/3887\/revisions\/3890"}],"wp:featuredmedia":[{"embeddable":true,"href":"https:\/\/tvc16.com\/portal\/wp-json\/wp\/v2\/media\/3888"}],"wp:attachment":[{"href":"https:\/\/tvc16.com\/portal\/wp-json\/wp\/v2\/media?parent=3887"}],"wp:term":[{"taxonomy":"category","embeddable":true,"href":"https:\/\/tvc16.com\/portal\/wp-json\/wp\/v2\/categories?post=3887"},{"taxonomy":"post_tag","embeddable":true,"href":"https:\/\/tvc16.com\/portal\/wp-json\/wp\/v2\/tags?post=3887"}],"curies":[{"name":"wp","href":"https:\/\/api.w.org\/{rel}","templated":true}]}}