{"id":3895,"date":"2020-10-26T02:01:10","date_gmt":"2020-10-26T02:01:10","guid":{"rendered":"https:\/\/tvc16.com\/portal\/?p=3895"},"modified":"2020-10-26T02:01:10","modified_gmt":"2020-10-26T02:01:10","slug":"mais-de-40-filmes-de-terror-nacionais-sao-exibidos-em-mostra-online","status":"publish","type":"post","link":"https:\/\/tvc16.com\/portal\/2020\/10\/26\/mais-de-40-filmes-de-terror-nacionais-sao-exibidos-em-mostra-online\/","title":{"rendered":"Mais de 40 filmes de terror nacionais s\u00e3o exibidos em mostra online"},"content":{"rendered":"\n<h3 class=\"wp-block-heading\">Mostra macaBRo come\u00e7a nesta quarta-feira e homenageia Z\u00e9 do Caix\u00e3o<\/h3>\n\n\n\n<h4 class=\"wp-block-heading\">Por Vitor Abdala \u2013 Rep\u00f3rter da Ag\u00eancia Brasil &#8211; Rio de Janeiro<\/h4>\n\n\n\n<p>Uma mostra de cinema promovida pelo Centro Cultural Banco do Brasil (CCBB) vai exibir 44 filmes de terror brasileiros contempor\u00e2neos a partir desta quarta-feira (28) pela internet. A mostra&nbsp;<em>MacaBRo \u2013 Horror Brasileiro Contempor\u00e2neo<\/em>&nbsp;apresentar\u00e1 ao p\u00fablico longas e curtas realizados por cineastas nacionais nos \u00faltimos cinco anos.<img decoding=\"async\" src=\"https:\/\/agenciabrasil.ebc.com.br\/ebc.png?id=1391489&amp;o=node\"><img decoding=\"async\" src=\"https:\/\/agenciabrasil.ebc.com.br\/ebc.gif?id=1391489&amp;o=node\"><\/p>\n\n\n\n<p>Devido \u00e0 pandemia de covid-19, a mostra ser\u00e1 feita de forma&nbsp;<em>online<\/em>, at\u00e9 o dia 23, e os filmes ser\u00e3o exibidos gratuitamente na plataforma&nbsp;<a href=\"http:\/\/darkflix.com.br\/\" target=\"_blank\" rel=\"noreferrer noopener\">Darkflix<\/a>. Al\u00e9m dos filmes ser\u00e3o realizadas palestras, debates e cursos tamb\u00e9m virtuais.<\/p>\n\n\n\n<p>Os longa-metragens ficar\u00e3o dispon\u00edveis por 24 horas, com um limite de visualiza\u00e7\u00f5es (saindo do ar assim que atingir esse limite). J\u00e1 os curtas ficar\u00e3o no ar por uma semana.<\/p>\n\n\n\n<p>Entre os longas que ser\u00e3o exibidos na mostra est\u00e3o&nbsp;<em>Morto N\u00e3o Fala<\/em>, de Dennison Ramalho,&nbsp;<em>O Animal Cordial<\/em>, de Gabriela Amaral Almeida,&nbsp;<em>Sem Seu Sangue<\/em>, de Alice Furtado (que estreou no Festival de Cannes),&nbsp;<em>Quando Eu Era Vivo<\/em>, de Marco Dutra,&nbsp;<em>Terminal Praia Grande<\/em>, de Mavi Sim\u00e3o,&nbsp;<em>O Clube dos Canibais<\/em>, de Guto Parente,&nbsp;<em>Condado Macabro<\/em>, de Andr\u00e9 de Campos Mello e Marcos DeBrito, e&nbsp;<em>Mal Nosso<\/em>, de Samuel Galli.<\/p>\n\n\n\n<p>Os dois \u00faltimos longas de Rodrigo Arag\u00e3o,&nbsp;<em>O Cemit\u00e9rio das Almas Perdidas<\/em>&nbsp;e&nbsp;<em>A Mata Negra<\/em>, tamb\u00e9m est\u00e3o na programa\u00e7\u00e3o da mostra, que ainda contar\u00e1 com debates com o diretor.<\/p>\n\n\n\n<p>\u201cPercebi que as pessoas n\u00e3o conhecem mesmo, quase sempre nunca ouviram falar que existia horror sendo feito no cinema brasileiro contempor\u00e2neo. Eles at\u00e9 est\u00e3o dispon\u00edveis em plataformas digitais, em canais a cabo, mas voc\u00ea tem que procurar um a um, assinar esses servi\u00e7os ou ter o canal dispon\u00edvel na sua TV a cabo. Com essa mostra, disponibilizando&nbsp;<em>online<\/em>, gratuitamente, a gente acredita que muita gente vai preencher essa lacuna de n\u00e3o poder conhecer o cinema de horror brasileiro\u201d, disse Carlos Primati, que faz a curadoria da mostra junto com Breno Lira Gomes.<\/p>\n\n\n\n<p>A mostra tamb\u00e9m homenagear\u00e1 Jos\u00e9 Mojica Marins, considerado o pai do cinema nacional de horror e criador do personagem Z\u00e9 do Caix\u00e3o, que faleceu no in\u00edcio deste ano. Ser\u00e3o exibidos os curtas&nbsp;<em>Saci<\/em>, dirigido por ele, e&nbsp;<em>Lasanha Assassina<\/em>, anima\u00e7\u00e3o que tem a dublagem de Z\u00e9 do Caix\u00e3o.<\/p>\n\n\n\n<h2 class=\"wp-block-heading\">Confira a programa\u00e7\u00e3o:<\/h2>\n\n\n\n<h3 class=\"wp-block-heading\"><strong>Quarta-feira (28)<\/strong><\/h3>\n\n\n\n<p>18h \u2013&nbsp;<em>O H\u00f3spede<\/em>&nbsp;(curta-metragem)<\/p>\n\n\n\n<p>19h \u2013 Live com os diretores Ramon Porto Mota e Ian Ab\u00e9 da produtora homenageada Vermelho Profundo<\/p>\n\n\n\n<p>20h \u2013&nbsp;<em>A Noite Amarela<\/em>&nbsp;(Acess\u00edvel: Legenda descritiva e interpreta\u00e7\u00e3o em Libras)<\/p>\n\n\n\n<p>29 de outubro, quinta-feira<\/p>\n\n\n\n<p>16h \u2013&nbsp;<em>Cova Aberta<\/em>&nbsp;(curta-metragem)<\/p>\n\n\n\n<p>18h \u2013&nbsp;<em>O N\u00f3 do Diabo<\/em>&nbsp;\u2013 Epis\u00f3dio 1<\/p>\n\n\n\n<p>20h \u2013 Canto dos Ossos<\/p>\n\n\n\n<h3 class=\"wp-block-heading\"><strong>Sexta-feira (30)&nbsp;<\/strong><\/h3>\n\n\n\n<p>18h \u2013&nbsp;<em>O N\u00f3 do Diabo<\/em>&nbsp;\u2013 Epis\u00f3dio 2<\/p>\n\n\n\n<p>19h \u2013 Live com Mariah Benaglia e Jh\u00e9sus Tribuzi da produtora Vermelho&nbsp;Profundo<\/p>\n\n\n\n<p>20h \u2013&nbsp;<em>Os Mortos<\/em>&nbsp;(curta-metragem)<\/p>\n\n\n\n<h3 class=\"wp-block-heading\"><strong>S\u00e1bado (31)&nbsp;<\/strong><\/h3>\n\n\n\n<p>15h \u2013&nbsp;<em>O N\u00f3 do Diabo<\/em>&nbsp;\u2013 Epis\u00f3dio 3<\/p>\n\n\n\n<p>16h \u2013 Curso com o curador Carlos Primati &#8211; M\u00f3dulo 1<\/p>\n\n\n\n<p>18h \u2013&nbsp;<em>O Desejo do Morto<\/em>&nbsp;(curta-metragem)<\/p>\n\n\n\n<p>19h \u2013 Debate: O Terror e o Cinema Brasileiro,&nbsp;com a cineasta Gabriela Amaral Almeida, o cineasta Rodrigo Arag\u00e3o, a cr\u00edtica de cinema Fl\u00e1via Guerra. Media\u00e7\u00e3o do curador Carlos&nbsp;Primati.<\/p>\n\n\n\n<p>20h \u2013&nbsp;<em>A Mata Negra<\/em><\/p>\n\n\n\n<h3 class=\"wp-block-heading\"><strong>Domingo (1\u00b0\/11)&nbsp;<\/strong><\/h3>\n\n\n\n<p>16h \u2013&nbsp;<em>O N\u00f3 do Diabo<\/em>&nbsp;\u2013 Epis\u00f3dio 4<\/p>\n\n\n\n<p>18h \u2013&nbsp;<em>Mais Denso que o Sangue<\/em>&nbsp;(curta-metragem)<\/p>\n\n\n\n<p>20h \u2013&nbsp;<em>N\u00e3o t\u00e3o Longe<\/em>&nbsp;(curta-metragem)<\/p>\n\n\n\n<h3 class=\"wp-block-heading\"><strong>Segunda-feira (2\/11)<\/strong>&nbsp;<\/h3>\n\n\n\n<p>16h \u2013&nbsp;<em>O N\u00f3 do Diabo<\/em>&nbsp;\u2013 Epis\u00f3dio 5<\/p>\n\n\n\n<p>18h \u2013&nbsp;<em>Sem seu Sangue<\/em>&nbsp;(Acess\u00edvel: Legenda descritiva e interpreta\u00e7\u00e3o em Libras)<\/p>\n\n\n\n<p>19h \u2013 Live com o curador Carlos Primati e a diretora de&nbsp;<em>Sem seu Sangue<\/em>&nbsp;Alice Furtado<\/p>\n\n\n\n<p>20h \u2013&nbsp;<em>As N\u00fapcias de Dr\u00e1cula<\/em><\/p>\n\n\n\n<h3 class=\"wp-block-heading\"><strong>Ter\u00e7a-feira (3\/11)&nbsp;<\/strong><\/h3>\n\n\n\n<p>18h \u2013&nbsp;<em>A Noite Amarela<\/em>&nbsp;(Acess\u00edvel: Legenda descritiva e interpreta\u00e7\u00e3o em Libras)<\/p>\n\n\n\n<p>20h \u2013&nbsp;<em>Os Jovens Baumann<\/em>&nbsp;(Acess\u00edvel: Legenda descritiva e interpreta\u00e7\u00e3o em Libras)<\/p>\n\n\n\n<h3 class=\"wp-block-heading\"><strong>Quarta-feira (4\/11)&nbsp;<\/strong><\/h3>\n\n\n\n<p>18h \u2013&nbsp;<em>Christabel<\/em><\/p>\n\n\n\n<p>19h \u2013 Live com a pesquisadora Laura Loguercio C\u00e1nepa e a diretora homenageada Gabriela&nbsp;Amaral Almeida<\/p>\n\n\n\n<p>20h \u2013&nbsp;<em>O Animal Cordial<\/em><\/p>\n\n\n\n<h3 class=\"wp-block-heading\"><strong>Quinta-feira (5\/11)<\/strong><\/h3>\n\n\n\n<p>18h \u2013&nbsp;<em>Uma Primavera<\/em>&nbsp;(curta-metragem)<\/p>\n\n\n\n<p>20h \u2013&nbsp;<em>#ninfabeb\u00ea<\/em><\/p>\n\n\n\n<h3 class=\"wp-block-heading\"><strong>Sexta-feira (6\/11)&nbsp;<\/strong><\/h3>\n\n\n\n<p>18h \u2013&nbsp;<em>Est\u00e1tua!&nbsp;<\/em>(curta-metragem)<\/p>\n\n\n\n<p>19h \u2013 Live com o curador Breno Lira Gomes e o ator de \u201cQuando eu era vivo\u201d Antonio&nbsp;Fagundes<\/p>\n\n\n\n<p>20h \u2013&nbsp;<em>Quando eu era Vivo<\/em><\/p>\n\n\n\n<h3 class=\"wp-block-heading\"><strong>S\u00e1bado (7\/11)&nbsp;<\/strong><\/h3>\n\n\n\n<p>14h \u2013&nbsp;<em>O Segredo dos Diamantes<\/em><\/p>\n\n\n\n<p>15h \u2013&nbsp;<em>A M\u00e3o que Afaga<\/em>&nbsp;(curta-metragem)<\/p>\n\n\n\n<p>16h \u2013 Curso com o curador Carlos Primati &#8211; M\u00f3dulo 2<\/p>\n\n\n\n<p>18h \u2013&nbsp;<em>O Caseiro<\/em><\/p>\n\n\n\n<p>19h \u2013 Palestra com a cineasta Gabriela Amaral Almeida com o tema Escrevendo hist\u00f3rias de&nbsp;terror para o cinema<\/p>\n\n\n\n<p>20h \u2013&nbsp;<em>A sombra do pai<\/em><\/p>\n\n\n\n<h3 class=\"wp-block-heading\"><strong>Domingo (8\/11)&nbsp;<\/strong><\/h3>\n\n\n\n<p>16h \u2013&nbsp;<em>O Animal Cordial<\/em><\/p>\n\n\n\n<p>18h \u2013&nbsp;<em>O Clube dos Canibais<\/em><\/p>\n\n\n\n<p>20h \u2013&nbsp;<em>Condado macabro<\/em><\/p>\n\n\n\n<h3 class=\"wp-block-heading\"><strong>Segunda-feira (9\/11)&nbsp;<\/strong><\/h3>\n\n\n\n<p>18h \u2013&nbsp;<em>Quando eu era vivo<\/em><\/p>\n\n\n\n<p>19h \u2013 Live com o curador Carlos Primati e o diretor de&nbsp;<em>Quando eu era vivo<\/em>&nbsp;e montador dos&nbsp;curtas da homenageada, Marco Dutra<\/p>\n\n\n\n<p>20h \u2013&nbsp;<em>Terminal Praia Grande<\/em><\/p>\n\n\n\n<h3 class=\"wp-block-heading\"><strong>Ter\u00e7a-feira (10\/11)&nbsp;<\/strong><\/h3>\n\n\n\n<p>18h \u2013&nbsp;<em>A sombra do pai<\/em><\/p>\n\n\n\n<p>20h \u2013&nbsp;<em>Terra e luz<\/em><\/p>\n\n\n\n<h3 class=\"wp-block-heading\"><strong>Quarta-feira (11\/11)<\/strong><\/h3>\n\n\n\n<p>18h \u2013&nbsp;<em>A capital dos mortos 2: Mundo morto<\/em><\/p>\n\n\n\n<p>20h \u2013&nbsp;<em>Nocturnu&nbsp;<\/em>(curta-metragem)<\/p>\n\n\n\n<p>21h30 \u2013 Live com o cr\u00edtico Marcelo Miranda e o cineasta homenageado Dennison Ramalho<\/p>\n\n\n\n<h3 class=\"wp-block-heading\"><strong>Quinta-feira (12\/11)&nbsp;<\/strong><\/h3>\n\n\n\n<p>16h \u2013&nbsp;<em>Canto dos ossos<\/em><\/p>\n\n\n\n<p>18h \u2013&nbsp;<em>Amor s\u00f3 de m\u00e3e&nbsp;<\/em>(curta-metragem)<\/p>\n\n\n\n<p>20h \u2013&nbsp;<em>Quando o galo cantar pela terceira vez renegar\u00e1s tua m\u00e3e<\/em><\/p>\n\n\n\n<h3 class=\"wp-block-heading\"><strong>Sexta-feira (13\/11)&nbsp;<\/strong><\/h3>\n\n\n\n<p>18h \u2013&nbsp;<em>O diabo mora aqui<\/em><\/p>\n\n\n\n<p>19h \u2013 Live com o curador Breno Lira Gomes e a atriz de&nbsp;<em>Morto n\u00e3o fala&nbsp;<\/em>Bianca Comparato<\/p>\n\n\n\n<p>20h \u2013&nbsp;<em>Morto n\u00e3o fala<\/em><\/p>\n\n\n\n<h3 class=\"wp-block-heading\"><strong>S\u00e1bado (14\/11)<\/strong><\/h3>\n\n\n\n<p>16h \u2013 Curso com o curador Carlos Primati &#8211; M\u00f3dulo 3<\/p>\n\n\n\n<p>18h \u2013&nbsp;<em>As n\u00fapcias de Dr\u00e1cula<\/em><\/p>\n\n\n\n<p>19h \u2013 Debate: A atua\u00e7\u00e3o no cinema de terror,&nbsp;com a atriz Luciana Paes, a cr\u00edtica de cinema&nbsp;Cec\u00edlia Barroso. Media\u00e7\u00e3o do curador Breno Lira Gomes.<\/p>\n\n\n\n<p>20h \u2013 Christabel<\/p>\n\n\n\n<h3 class=\"wp-block-heading\"><strong>Domingo (15\/11)<\/strong><\/h3>\n\n\n\n<p>16h \u2013&nbsp;<em>Ninjas<\/em>&nbsp;(curta-metragem)<\/p>\n\n\n\n<p>18h \u2013&nbsp;<em>Condado macabro<\/em><\/p>\n\n\n\n<p>20h \u2013&nbsp;<em>Mal nosso<\/em><\/p>\n\n\n\n<h3 class=\"wp-block-heading\"><strong>Segunda-feira (16\/11)<\/strong><\/h3>\n\n\n\n<p>16h \u2013&nbsp;<em>A casa de Cec\u00edlia<\/em><\/p>\n\n\n\n<p>18h \u2013 O caseiro<\/p>\n\n\n\n<p>19h \u2013 Live com o curador Breno Lira Gomes e a atriz e produtora de&nbsp;<em>Atrav\u00e9s da sombra<\/em>&nbsp;Virginia Cavendish<\/p>\n\n\n\n<p>20h \u2013 Atrav\u00e9s da sombra<\/p>\n\n\n\n<h3 class=\"wp-block-heading\"><strong>Ter\u00e7a-feira (17\/11)<\/strong><\/h3>\n\n\n\n<p>16h \u2013&nbsp;<em>Morto n\u00e3o fala<\/em><\/p>\n\n\n\n<p>18h \u2013&nbsp;<em>Terra e luz<\/em><\/p>\n\n\n\n<p>20h \u2013&nbsp;<em>A capital dos mortos 2: Mundo morto<\/em><\/p>\n\n\n\n<h3 class=\"wp-block-heading\"><strong>Quarta-feira (18\/11)<\/strong><\/h3>\n\n\n\n<p>18h \u2013&nbsp;<em>O clube dos canibais<\/em><\/p>\n\n\n\n<p>20h \u2013&nbsp;<em>O saci&nbsp;<\/em>(curta-metragem)<\/p>\n\n\n\n<p>Quinta-feira (19\/11)<\/p>\n\n\n\n<p>16h &#8211;&nbsp;<em>A lasanha assassina<\/em>&nbsp;(curta-metragem)<\/p>\n\n\n\n<p>18h &#8211;&nbsp;<em>#ninfabeb\u00ea<\/em><\/p>\n\n\n\n<p>20h \u2013&nbsp;<em>Mal nosso<\/em><\/p>\n\n\n\n<h3 class=\"wp-block-heading\"><strong>Sexta-feira (20\/11)<\/strong><\/h3>\n\n\n\n<p>18h \u2013&nbsp;<em>O segredo de Davi&nbsp;<\/em>(Acess\u00edvel: Legenda descritiva)<\/p>\n\n\n\n<p>20h \u2013&nbsp;<em>Tirarei as medidas do seu caix\u00e3o&nbsp;<\/em>(curta-metragem)<\/p>\n\n\n\n<h3 class=\"wp-block-heading\"><strong>S\u00e1bado (21\/11)<\/strong><\/h3>\n\n\n\n<p>14h \u2013&nbsp;<em>O segredo dos diamantes<\/em><\/p>\n\n\n\n<p>16h \u2013 Curso com o curador Carlos Primati &#8211; M\u00f3dulo 4<\/p>\n\n\n\n<p>18h \u2013&nbsp;<em>Os jovens Baumann<\/em><\/p>\n\n\n\n<p>19h \u2013 Palestra com a pesquisadora e cr\u00edtica de cinema Beatriz Saldanha com o tema Diretoras e o terror<\/p>\n\n\n\n<p>20h \u2013&nbsp;<em>A casa de Cec\u00edlia<\/em><\/p>\n\n\n\n<h3 class=\"wp-block-heading\"><strong>Domingo (22\/11)<\/strong><\/h3>\n\n\n\n<p>16h \u2013 Atrav\u00e9s da sombra<\/p>\n\n\n\n<p>18h \u2013 Cora\u00e7\u00e3o das trevas (Coffin Joe\u2019s Heart of Darkness &#8211; curta-metragem)<\/p>\n\n\n\n<p>20h \u2013 Quando o galo cantar pela terceira vez renegar\u00e1s tua m\u00e3e<\/p>\n\n\n\n<h3 class=\"wp-block-heading\"><strong>Segunda-feira (23\/11)&nbsp;<\/strong><\/h3>\n\n\n\n<p>18h \u2013&nbsp;<em>O cemit\u00e9rio das almas perdidas<\/em><\/p>\n\n\n\n<p>19h \u2013 Live com o curador Carlos Primati e o diretor de&nbsp;<em>O cemit\u00e9rio das almas perdidas<\/em>&nbsp;e&nbsp;<em>A mata negra<\/em>, Rodrigo Arag\u00e3o<\/p>\n\n\n\n<p>20h \u2013&nbsp;<em>A mata negra<\/em><\/p>\n\n\n\n<p>Edi\u00e7\u00e3o: Denise Griesinger<\/p>\n","protected":false},"excerpt":{"rendered":"<p>Mostra macaBRo come\u00e7a nesta quarta-feira e homenageia Z\u00e9 do Caix\u00e3o Por Vitor Abdala \u2013 Rep\u00f3rter<\/p>\n","protected":false},"author":2,"featured_media":3896,"comment_status":"open","ping_status":"open","sticky":false,"template":"","format":"standard","meta":{"footnotes":""},"categories":[21],"tags":[],"class_list":["post-3895","post","type-post","status-publish","format-standard","has-post-thumbnail","hentry","category-cultura"],"_links":{"self":[{"href":"https:\/\/tvc16.com\/portal\/wp-json\/wp\/v2\/posts\/3895","targetHints":{"allow":["GET"]}}],"collection":[{"href":"https:\/\/tvc16.com\/portal\/wp-json\/wp\/v2\/posts"}],"about":[{"href":"https:\/\/tvc16.com\/portal\/wp-json\/wp\/v2\/types\/post"}],"author":[{"embeddable":true,"href":"https:\/\/tvc16.com\/portal\/wp-json\/wp\/v2\/users\/2"}],"replies":[{"embeddable":true,"href":"https:\/\/tvc16.com\/portal\/wp-json\/wp\/v2\/comments?post=3895"}],"version-history":[{"count":1,"href":"https:\/\/tvc16.com\/portal\/wp-json\/wp\/v2\/posts\/3895\/revisions"}],"predecessor-version":[{"id":3897,"href":"https:\/\/tvc16.com\/portal\/wp-json\/wp\/v2\/posts\/3895\/revisions\/3897"}],"wp:featuredmedia":[{"embeddable":true,"href":"https:\/\/tvc16.com\/portal\/wp-json\/wp\/v2\/media\/3896"}],"wp:attachment":[{"href":"https:\/\/tvc16.com\/portal\/wp-json\/wp\/v2\/media?parent=3895"}],"wp:term":[{"taxonomy":"category","embeddable":true,"href":"https:\/\/tvc16.com\/portal\/wp-json\/wp\/v2\/categories?post=3895"},{"taxonomy":"post_tag","embeddable":true,"href":"https:\/\/tvc16.com\/portal\/wp-json\/wp\/v2\/tags?post=3895"}],"curies":[{"name":"wp","href":"https:\/\/api.w.org\/{rel}","templated":true}]}}