{"id":3899,"date":"2020-10-26T02:22:23","date_gmt":"2020-10-26T02:22:23","guid":{"rendered":"https:\/\/tvc16.com\/portal\/?p=3899"},"modified":"2020-10-26T02:22:23","modified_gmt":"2020-10-26T02:22:23","slug":"nos-acrescimos-flamengo-empata-com-internacional-no-beira-rio","status":"publish","type":"post","link":"https:\/\/tvc16.com\/portal\/2020\/10\/26\/nos-acrescimos-flamengo-empata-com-internacional-no-beira-rio\/","title":{"rendered":"Nos acr\u00e9scimos, Flamengo empata com Internacional no Beira-Rio"},"content":{"rendered":"\n<h3 class=\"wp-block-heading\">No outro jogo da noite, Gr\u00eamio vence Athletico-PR por 2 a 1<\/h3>\n\n\n\n<h4 class=\"wp-block-heading\">Por Rafael Monteiro &#8211; Rep\u00f3rter da R\u00e1dio Nacional &#8211; Rio de Janeiro<\/h4>\n\n\n\n<p>O l\u00edder Internacional empatou neste domingo (25) com o vice-l\u00edder Flamengo por 2 a 2 no est\u00e1dio Beira Rio, em Porto Alegre (RS), pela 18\u00aa rodada do Campeonato Brasileiro. Com este resultado, os colorados se mantiveram no topo da tabela de classifica\u00e7\u00e3o. Ga\u00fachos e cariocas est\u00e3o com os mesmos 35 pontos, mas a equipe comandada pelo t\u00e9cnico argentino Eduardo Coudet leva vantagem no crit\u00e9rio de desempate do saldo de gols (15 a 11).<img decoding=\"async\" src=\"https:\/\/agenciabrasil.ebc.com.br\/ebc.png?id=1391510&amp;o=node\"><img decoding=\"async\" src=\"https:\/\/agenciabrasil.ebc.com.br\/ebc.gif?id=1391510&amp;o=node\"><\/p>\n\n\n\n<p>Os donos da casa come\u00e7aram pressionando. Logo aos 6 minutos abriram o placar. O lateral do Flamengo Isla perdeu a bola para Patrick, que foi at\u00e9 a linha de fundo e tocou para Abel Hern\u00e1ndez. Dentro da \u00e1rea, o atacante uruguaio se antecipou \u00e0 zaga rubro-negra e chutou firme. Indefens\u00e1vel para o goleiro Hugo. Quatro minutos depois, os visitantes empataram. O atacante Pedro, de fora da \u00e1rea, bateu firme no canto esquerdo do goleiro Marcelo Lomba, que n\u00e3o conseguiu interceptar. Este foi o nono gol de Pedro no Brasileir\u00e3o.<\/p>\n\n\n\n<p>Ap\u00f3s o placar igualar, o jogo ficou equilibrado. Entretanto, aos 24, ap\u00f3s mais uma bobeira do sistema defensivo da equipe carioca, o Inter voltou \u00e0 frente no marcador. Ap\u00f3s erro de passe do zagueiro Gustavo Henrique, na sa\u00edda do goleiro Hugo, Thiago Galhardo bateu colocado e balan\u00e7ou a rede advers\u00e1ria. Com este gol, Galhardo se isolou ainda mais na artilharia do campeonato, com 15. O jogador colorado ainda fez o terceiro aos 43, mas desta vez estava impedido.<\/p>\n\n\n\n<h2 class=\"wp-block-heading\">Empate no final<\/h2>\n\n\n\n<p>Na segunda etapa, o Flamengo tentou reagir, mas foi o Inter que quase ampliou. Aos 4, Marcos Guilherme bateu de primeira, de fora da \u00e1rea, e acertou a trave de Hugo. Em seguida os rubro-negros incomodaram. Aos 7, de voleio, Pedro quase marcou o segundo dele na partida. Aos 12, o lateral-esquerdo rubro-negro Filipe Lu\u00eds acertou o travess\u00e3o. No decorrer do segundo tempo os cariocas dominaram a partida, embora n\u00e3o conseguissem transformar a press\u00e3o em gol. At\u00e9 que nos acr\u00e9scimos, aos 49, Gerson cruzou para Everton Ribeiro, que, de cabe\u00e7a, empurrou para o fundo da rede. Internacional 2, Flamengo 2<\/p>\n\n\n\n<p>O pr\u00f3ximo compromisso das duas equipes ser\u00e1 na pr\u00f3xima quarta-feira (28). Estreando na Copa do Brasil, o Internacional enfrentar\u00e1 o Atl\u00e9tico-GO no est\u00e1dio Ol\u00edmpico, em Goi\u00e2nia (GO), \u00e0s 19h. Outro que vai debutar na competi\u00e7\u00e3o \u00e9 o Flamengo, que duelar\u00e1 com o Athletico-PR, atual campe\u00e3o da competi\u00e7\u00e3o, na Arena da Baixada, em Curitiba (PR), \u00e0s 21h30.<\/p>\n\n\n\n<p>Pelo Brasileir\u00e3o, os colorados voltam a campo no s\u00e1bado (31). O advers\u00e1rio ser\u00e1 o Corinthians na Neo Qu\u00edmica Arena, em S\u00e3o Paulo (SP), \u00e0s 19h. J\u00e1 o Flamengo receber\u00e1 o S\u00e3o Paulo no domingo (1\u00ba). A partida acontecer\u00e1 no Maracan\u00e3 \u00e0s 16h.<\/p>\n\n\n\n<h2 class=\"wp-block-heading\">Triunfo gremista<\/h2>\n\n\n\n<p>De virada, o Gr\u00eamio bateu o Athl\u00e9tico Paranaense por 2 a 1 na Arena da Baixada, em Curitiba (PR). O Furac\u00e3o abriu o placar com Carlos Eduardo ainda no primeiro tempo. Ap\u00f3s o intervalo, o zagueiro do Athletico-PR Thiago Heleno marcou contra. O gol da vit\u00f3ria dos ga\u00fachos saiu dos p\u00e9s de Ferreira, aos 41 minutos. Com o \u00eaxito fora de casa, o Gr\u00eamio chegou a 24 pontos, e ocupa a nona posi\u00e7\u00e3o. J\u00e1 o Athletico-PR \u00e9 o 18\u00ba, com 16.<\/p>\n\n\n\n<p>Assim como Flamengo e Internacional, Athletico-PR e Gr\u00eamio tamb\u00e9m estreiam pela Copa do Brasil. Enquanto o Furac\u00e3o vai encarar o Flamengo, o tricolor ga\u00facho ter\u00e1 o Juventude pela frente na quinta-feira (29). O confronto acontecer\u00e1 em Porto Alegre \u00e0s 21h30.<\/p>\n\n\n\n<p>Em seguida, a dupla volta a entrar em campo pelo Campeonato Brasileiro. No domingo (1\u00ba), \u00e0s 16h, os paranaenses visitar\u00e3o o Sport na Ilha do Retiro, no Recife (PE). J\u00e1 o Gr\u00eamio receber\u00e1 o Bragantino na Arena do Gr\u00eamio, em Porto Alegre (RS). O embate ser\u00e1 realizado no dia do feriado de Finados, em 2 de novembro, \u00e0s 20h.<\/p>\n\n\n\n<p><a href=\"https:\/\/agenciabrasil.ebc.com.br\/esportes\/tabelas\/\">Veja a classifica\u00e7\u00e3o atualizada da S\u00e9rie A do Brasileiro.<\/a><\/p>\n\n\n\n<p>Edi\u00e7\u00e3o: F\u00e1bio Lisboa<\/p>\n","protected":false},"excerpt":{"rendered":"<p>No outro jogo da noite, Gr\u00eamio vence Athletico-PR por 2 a 1 Por Rafael Monteiro<\/p>\n","protected":false},"author":2,"featured_media":3900,"comment_status":"open","ping_status":"open","sticky":false,"template":"","format":"standard","meta":{"footnotes":""},"categories":[20],"tags":[],"class_list":["post-3899","post","type-post","status-publish","format-standard","has-post-thumbnail","hentry","category-esporte"],"_links":{"self":[{"href":"https:\/\/tvc16.com\/portal\/wp-json\/wp\/v2\/posts\/3899","targetHints":{"allow":["GET"]}}],"collection":[{"href":"https:\/\/tvc16.com\/portal\/wp-json\/wp\/v2\/posts"}],"about":[{"href":"https:\/\/tvc16.com\/portal\/wp-json\/wp\/v2\/types\/post"}],"author":[{"embeddable":true,"href":"https:\/\/tvc16.com\/portal\/wp-json\/wp\/v2\/users\/2"}],"replies":[{"embeddable":true,"href":"https:\/\/tvc16.com\/portal\/wp-json\/wp\/v2\/comments?post=3899"}],"version-history":[{"count":1,"href":"https:\/\/tvc16.com\/portal\/wp-json\/wp\/v2\/posts\/3899\/revisions"}],"predecessor-version":[{"id":3901,"href":"https:\/\/tvc16.com\/portal\/wp-json\/wp\/v2\/posts\/3899\/revisions\/3901"}],"wp:featuredmedia":[{"embeddable":true,"href":"https:\/\/tvc16.com\/portal\/wp-json\/wp\/v2\/media\/3900"}],"wp:attachment":[{"href":"https:\/\/tvc16.com\/portal\/wp-json\/wp\/v2\/media?parent=3899"}],"wp:term":[{"taxonomy":"category","embeddable":true,"href":"https:\/\/tvc16.com\/portal\/wp-json\/wp\/v2\/categories?post=3899"},{"taxonomy":"post_tag","embeddable":true,"href":"https:\/\/tvc16.com\/portal\/wp-json\/wp\/v2\/tags?post=3899"}],"curies":[{"name":"wp","href":"https:\/\/api.w.org\/{rel}","templated":true}]}}