{"id":39054,"date":"2022-07-01T09:31:59","date_gmt":"2022-07-01T12:31:59","guid":{"rendered":"https:\/\/tvc16.com\/portal\/?p=39054"},"modified":"2022-07-01T09:32:01","modified_gmt":"2022-07-01T12:32:01","slug":"prefeito-joa-visita-unidade-de-saude-da-morada-de-sol-para-ouvir-moradores-e-elaborar-melhorias","status":"publish","type":"post","link":"https:\/\/tvc16.com\/portal\/2022\/07\/01\/prefeito-joa-visita-unidade-de-saude-da-morada-de-sol-para-ouvir-moradores-e-elaborar-melhorias\/","title":{"rendered":"Prefeito Joa visita Unidade de Sa\u00fade da Morada de Sol para ouvir moradores e elaborar melhorias&nbsp;"},"content":{"rendered":"\n<p>O prefeito de Tr\u00eas Rios, Joa, esteve na manh\u00e3 desta quinta-feira (30) visitando o bairro Morada do Sol e aproveitou para comparecer \u00e0 UBS do local. O prefeito esteve acompanhado da Secret\u00e1ria de Sa\u00fade do munic\u00edpio, Izabel Mendon\u00e7a, do diretor de Sa\u00fade, Caio Obeica, e de assessores.&nbsp;<\/p>\n\n\n\n<p>Joa aproveitou a oportunidade para conversar com funcion\u00e1rios e com usu\u00e1rios do servi\u00e7o de sa\u00fade que estavam sendo atendidos e ouviu uma s\u00e9rie de solicita\u00e7\u00f5es de melhorias na infraestrutura.&nbsp;<\/p>\n\n\n\n<p>\u201cAproveitei a visita na Morada do Sol para ver as condi\u00e7\u00f5es de trabalho das unidades municipais de sa\u00fade. Pretendemos oferecer sempre o melhor servi\u00e7o aos nossos funcion\u00e1rios. Ao mesmo tempo, trago aqui a necessidade de que tenhamos sempre respeito no atendimento da nossa popula\u00e7\u00e3o. O trirriense merece e , por isso, fazemos esfor\u00e7o para melhorar todas as condi\u00e7\u00f5es de trabalho dos funcion\u00e1rios, para que, dessa forma, ele tamb\u00e9m atenda o cidad\u00e3o com o carinho que ele merece\u201d.<\/p>\n\n\n\n<p>A secret\u00e1ria de Sa\u00fade, Izabel Mendon\u00e7a, ouviu as pondera\u00e7\u00f5es e fez observa\u00e7\u00f5es no sentido de melhorar todas as condi\u00e7\u00f5es para um atendimento que atenda \u00e0s solicita\u00e7\u00f5es apresentadas pelo Executivo Municipal.<\/p>\n\n\n\n<p><a rel=\"noreferrer noopener\" href=\"https:\/\/www.facebook.com\/sharer.php?u=https%3A%2F%2Ftresrios.rj.gov.br%2F2022%2F06%2F30%2Fprefeito-joa-visita-unidade-de-saude-da-morada-de-sol-para-ouvir-moradores-e-elaborar-melhorias%2F\" target=\"_blank\"><\/a><\/p>\n\n\n\n<p><a href=\"https:\/\/web.whatsapp.com\/send?text=Prefeito%20Joa%20visita%20Unidade%20de%20Sa%C3%BAde%20da%20Morada%20de%20Sol%20para%20ouvir%20moradores%20e%20elaborar%20melhorias%C2%A0%20%E2%98%9B%20https%3A%2F%2Ftresrios.rj.gov.br%2F2022%2F06%2F30%2Fprefeito-joa-visita-unidade-de-saude-da-morada-de-sol-para-ouvir-moradores-e-elaborar-melhorias%2F\" target=\"_blank\" rel=\"noreferrer noopener\"><\/a><\/p>\n\n\n\n<p><a href=\"https:\/\/twitter.com\/share?url=https%3A%2F%2Ftresrios.rj.gov.br%2F2022%2F06%2F30%2Fprefeito-joa-visita-unidade-de-saude-da-morada-de-sol-para-ouvir-moradores-e-elaborar-melhorias%2F&amp;text=Acabei%20de%20ver%20Prefeito%20Joa%20visita%20Unidade%20de%20Sa%C3%BAde%20da%20Morada%20de%20Sol%20para%20ouvir%20moradores%20e%20elaborar%20melhorias%C2%A0%20-%20Clique%20para%20ver%20tamb%C3%A9m%20%E2%98%9B%20\" target=\"_blank\" rel=\"noreferrer noopener\"><\/a><\/p>\n\n\n\n<p><a href=\"mailto:?subject=Prefeito%20Joa%20visita%20Unidade%20de%20Sa%C3%BAde%20da%20Morada%20de%20Sol%20para%20ouvir%20moradores%20e%20elaborar%20melhorias%C2%A0&amp;body=https%3A%2F%2Ftresrios.rj.gov.br%2F2022%2F06%2F30%2Fprefeito-joa-visita-unidade-de-saude-da-morada-de-sol-para-ouvir-moradores-e-elaborar-melhorias%2F%0A%0APrefeito%20Joa%20visita%20Unidade%20de%20Sa%C3%BAde%20da%20Morada%20de%20Sol%20para%20ouvir%20moradores%20e%20elaborar%20melhorias%C2%A0%0A%0AO%20prefeito%20de%20Tr%C3%AAs%20Rios%2C%20Joa%2C%20esteve%20na%20manh%C3%A3%20desta%20quinta-feira%20%2830%29%20visitando%20o%20bairro%20Morada%20do%20Sol%20e%20aproveitou%20para%20comparecer%20%C3%A0%20UBS%20do%20local.%20O%20prefeito%20esteve%20acompanhado%20da%20Secret%C3%A1ria%20de%20Sa%C3%BAde%20do%20munic%C3%ADpio%2C%20Izabel%20Mendon%C3%A7a%2C%20do%20diretor%20de%20Sa%C3%BAde%2C%20Caio%20Obeica%2C%20e%20de%20assessores.%26nbsp%3B%0A%0A%0A%0AJoa%20aproveitou%20a%20oportunidade%20para%20conversar%20com%20funcion%C3%A1rios%20e%20com%20usu%C3%A1rios%20do%20servi%C3%A7o%20de%20sa%C3%BAde%20que%20estavam%20sendo%20atendidos%20e%20ouviu%20uma%20s%C3%A9rie%20de%20solicita%C3%A7%C3%B5es%20de%20melhorias%20na%20infraestrutura.%C2%A0%0A%0A%0A%0A%0A%0A%0A%0A%0A%0A%0A%0A%0A%0A%0A%0A%0A%0A%0A%0A%0A%0A%0A%0A%0A%0A%0A%0A%0A%0A%E2%80%9CAproveitei%20a%20visita%20na%20Morada%20do%20Sol%20para%20ver%20as%20condi%C3%A7%C3%B5es%20de%20trabalho%20das%20unidades%20municipais%20de%20sa%C3%BAde.%20Pretendemos%20oferecer%20sempre%20o%20melhor%20servi%C3%A7o%20aos%20nossos%20funcion%C3%A1rios.%20Ao%20mesmo%20tempo%2C%20trago%20aqui%20a%20necessidade%20de%20que%20tenhamos%20sempre%20respeito%20no%20atendimento%20da%20nossa%20popula%C3%A7%C3%A3o.%20O%20trirriense%20merece%20e%20%2C%20por%20isso%2C%20fazemos%20esfor%C3%A7o%20para%20melhorar%20todas%20as%20condi%C3%A7%C3%B5es%20de%20trabalho%20dos%20funcion%C3%A1rios%2C%20para%20que%2C%20dessa%20forma%2C%20ele%20tamb%C3%A9m%20atenda%20o%20cidad%C3%A3o%20com%20o%20carinho%20que%20ele%20merece%E2%80%9D.%0A%0A%0A%0AA%20secret%C3%A1ria%20de%20Sa%C3%BAde%2C%20Izabel%20Mendon%C3%A7a%2C%20ouviu%20as%20pondera%C3%A7%C3%B5es%20e%20fez%20observa%C3%A7%C3%B5es%20no%20sentido%20de%20melhorar%20todas%20as%20condi%C3%A7%C3%B5es%20para%20um%20atendimento%20que%20atenda%20%C3%A0s%20solicita%C3%A7%C3%B5es%20apresentadas%20pelo%20Executivo%20Municipal.%0A\"><\/a><\/p>\n\n\n\n<p><a href=\"https:\/\/telegram.me\/share\/url?url=https%3A%2F%2Ftresrios.rj.gov.br%2F2022%2F06%2F30%2Fprefeito-joa-visita-unidade-de-saude-da-morada-de-sol-para-ouvir-moradores-e-elaborar-melhorias%2F&amp;text=Prefeito%20Joa%20visita%20Unidade%20de%20Sa%C3%BAde%20da%20Morada%20de%20Sol%20para%20ouvir%20moradores%20e%20elaborar%20melhorias%C2%A0\" target=\"_blank\" rel=\"noreferrer noopener\"><\/a><\/p>\n\n\n\n<p><a href=\"javascript:void(0);\"><\/a><\/p>\n","protected":false},"excerpt":{"rendered":"<p>O prefeito de Tr\u00eas Rios, Joa, esteve na manh\u00e3 desta quinta-feira (30) visitando o bairro<\/p>\n","protected":false},"author":2,"featured_media":39056,"comment_status":"open","ping_status":"open","sticky":false,"template":"","format":"standard","meta":{"footnotes":""},"categories":[17],"tags":[],"class_list":["post-39054","post","type-post","status-publish","format-standard","has-post-thumbnail","hentry","category-outras-noticias"],"_links":{"self":[{"href":"https:\/\/tvc16.com\/portal\/wp-json\/wp\/v2\/posts\/39054","targetHints":{"allow":["GET"]}}],"collection":[{"href":"https:\/\/tvc16.com\/portal\/wp-json\/wp\/v2\/posts"}],"about":[{"href":"https:\/\/tvc16.com\/portal\/wp-json\/wp\/v2\/types\/post"}],"author":[{"embeddable":true,"href":"https:\/\/tvc16.com\/portal\/wp-json\/wp\/v2\/users\/2"}],"replies":[{"embeddable":true,"href":"https:\/\/tvc16.com\/portal\/wp-json\/wp\/v2\/comments?post=39054"}],"version-history":[{"count":1,"href":"https:\/\/tvc16.com\/portal\/wp-json\/wp\/v2\/posts\/39054\/revisions"}],"predecessor-version":[{"id":39057,"href":"https:\/\/tvc16.com\/portal\/wp-json\/wp\/v2\/posts\/39054\/revisions\/39057"}],"wp:featuredmedia":[{"embeddable":true,"href":"https:\/\/tvc16.com\/portal\/wp-json\/wp\/v2\/media\/39056"}],"wp:attachment":[{"href":"https:\/\/tvc16.com\/portal\/wp-json\/wp\/v2\/media?parent=39054"}],"wp:term":[{"taxonomy":"category","embeddable":true,"href":"https:\/\/tvc16.com\/portal\/wp-json\/wp\/v2\/categories?post=39054"},{"taxonomy":"post_tag","embeddable":true,"href":"https:\/\/tvc16.com\/portal\/wp-json\/wp\/v2\/tags?post=39054"}],"curies":[{"name":"wp","href":"https:\/\/api.w.org\/{rel}","templated":true}]}}