{"id":39064,"date":"2022-07-01T09:40:19","date_gmt":"2022-07-01T12:40:19","guid":{"rendered":"https:\/\/tvc16.com\/portal\/?p=39064"},"modified":"2022-07-01T09:40:45","modified_gmt":"2022-07-01T12:40:45","slug":"centro-especializado-de-reabilitacao-inicia-campanha-cuide-do-seu-sorriso%ef%bf%bc","status":"publish","type":"post","link":"https:\/\/tvc16.com\/portal\/2022\/07\/01\/centro-especializado-de-reabilitacao-inicia-campanha-cuide-do-seu-sorriso%ef%bf%bc\/","title":{"rendered":"Centro Especializado de Reabilita\u00e7\u00e3o inicia campanha \u201cCuide do seu Sorriso&#8221;"},"content":{"rendered":"\n<p>A partir de agora, os usu\u00e1rios do CER II \u2013 Centro Especializado de Reabilita\u00e7\u00e3o -, que funciona na Rua Padre Conrado, n\u00ba 67, passar\u00e3o a contar com mais um servi\u00e7o de complementa\u00e7\u00e3o de cuidado com a sa\u00fade. O setor de odontologia da Unidade atender\u00e1 todos os pacientes que passam por procedimento de reabilita\u00e7\u00e3o no local.<\/p>\n\n\n\n<p>Segundo a coordenadora do CER II, Camile do Ros\u00e1rio Pereira, o objetivo \u00e9 informar e conscientizar os pacientes e seus respons\u00e1veis sobre a relev\u00e2ncia do cuidado oral e a compreens\u00e3o da sua rela\u00e7\u00e3o com a sa\u00fade de forma integral.<\/p>\n\n\n\n<p>O Prefeito Joa destacou o cuidado de sua gest\u00e3o com a popula\u00e7\u00e3o e parabenizou a equipe do CER por mais esse importante servi\u00e7o.<\/p>\n\n\n\n<p>\u201cEm meu governo, temos tido um cuidado especial com o povo. Essa campanha do CER vai ser muito ben\u00e9fica para a popula\u00e7\u00e3o, e eu s\u00f3 tenho a parabenizar a todos os envolvidos\u201d, concluiu.<\/p>\n\n\n\n<p>Os servi\u00e7os de sa\u00fade bucal ser\u00e3o os de avalia\u00e7\u00e3o e de alguns procedimentos odontol\u00f3gicos. E, de acordo com a demanda de cada paciente, os procedimentos mais espec\u00edficos ser\u00e3o encaminhados para o CEO \u2013 Centro Especializado Odontol\u00f3gico -, que est\u00e1 localizado na Vila Isabel, no antigo pr\u00e9dio do SASE.<\/p>\n\n\n\n<p>Para evitar que haja retrabalho e duplicidade de atendimentos, os pacientes da unidade CER II ser\u00e3o identificados atrav\u00e9s de um Cart\u00e3o, o qual dever\u00e1 ser apresentado pelo usu\u00e1rio quando for realizar o agendamento.<\/p>\n","protected":false},"excerpt":{"rendered":"<p>A partir de agora, os usu\u00e1rios do CER II \u2013 Centro Especializado de Reabilita\u00e7\u00e3o -,<\/p>\n","protected":false},"author":2,"featured_media":39065,"comment_status":"open","ping_status":"open","sticky":false,"template":"","format":"standard","meta":{"footnotes":""},"categories":[17],"tags":[],"class_list":["post-39064","post","type-post","status-publish","format-standard","has-post-thumbnail","hentry","category-outras-noticias"],"_links":{"self":[{"href":"https:\/\/tvc16.com\/portal\/wp-json\/wp\/v2\/posts\/39064","targetHints":{"allow":["GET"]}}],"collection":[{"href":"https:\/\/tvc16.com\/portal\/wp-json\/wp\/v2\/posts"}],"about":[{"href":"https:\/\/tvc16.com\/portal\/wp-json\/wp\/v2\/types\/post"}],"author":[{"embeddable":true,"href":"https:\/\/tvc16.com\/portal\/wp-json\/wp\/v2\/users\/2"}],"replies":[{"embeddable":true,"href":"https:\/\/tvc16.com\/portal\/wp-json\/wp\/v2\/comments?post=39064"}],"version-history":[{"count":2,"href":"https:\/\/tvc16.com\/portal\/wp-json\/wp\/v2\/posts\/39064\/revisions"}],"predecessor-version":[{"id":39069,"href":"https:\/\/tvc16.com\/portal\/wp-json\/wp\/v2\/posts\/39064\/revisions\/39069"}],"wp:featuredmedia":[{"embeddable":true,"href":"https:\/\/tvc16.com\/portal\/wp-json\/wp\/v2\/media\/39065"}],"wp:attachment":[{"href":"https:\/\/tvc16.com\/portal\/wp-json\/wp\/v2\/media?parent=39064"}],"wp:term":[{"taxonomy":"category","embeddable":true,"href":"https:\/\/tvc16.com\/portal\/wp-json\/wp\/v2\/categories?post=39064"},{"taxonomy":"post_tag","embeddable":true,"href":"https:\/\/tvc16.com\/portal\/wp-json\/wp\/v2\/tags?post=39064"}],"curies":[{"name":"wp","href":"https:\/\/api.w.org\/{rel}","templated":true}]}}