{"id":39070,"date":"2022-07-01T09:43:54","date_gmt":"2022-07-01T12:43:54","guid":{"rendered":"https:\/\/tvc16.com\/portal\/?p=39070"},"modified":"2022-07-01T09:45:04","modified_gmt":"2022-07-01T12:45:04","slug":"industria-e-responsavel-por-64-dos-novos-empregos-no-centro-sul-fluminense-no-mes-de-maio-destaca-firjan","status":"publish","type":"post","link":"https:\/\/tvc16.com\/portal\/2022\/07\/01\/industria-e-responsavel-por-64-dos-novos-empregos-no-centro-sul-fluminense-no-mes-de-maio-destaca-firjan\/","title":{"rendered":"Ind\u00fastria \u00e9 respons\u00e1vel por 64% dos novos empregos no Centro-Sul Fluminense no m\u00eas de maio, destaca Firjan&nbsp;"},"content":{"rendered":"\n<p>A an\u00e1lise feita pela&nbsp;<strong>Firjan<\/strong>, a partir da plataforma<strong>&nbsp;Retratos Regionais<\/strong>, revela que<strong>&nbsp;o setor da ind\u00fastria foi respons\u00e1vel por 64% das novas contrata\u00e7\u00f5es na<\/strong>&nbsp;Regi\u00e3o&nbsp;<strong>Centro-Sul Fluminense no m\u00eas de maio.<\/strong>&nbsp;Ao todo, a regi\u00e3o abriu 136 novas vagas,&nbsp;com destaque para ind\u00fastria (+87) e servi\u00e7os (+72). J\u00e1 o com\u00e9rcio (-11) e agropecu\u00e1ria (-12) fecharam o m\u00eas com saldo negativo.&nbsp;<\/p>\n\n\n\n<p>Os dados agregados de todos os setores econ\u00f4micos (ind\u00fastria, com\u00e9rcio, servi\u00e7os e agropecu\u00e1ria) mostram ainda que&nbsp;<strong>a Regi\u00e3o Centro Sul se mant\u00e9m positiva e&nbsp;<\/strong>acumula&nbsp;<strong>1.555&nbsp;<\/strong>novos postos de trabalho formaisde janeiro at\u00e9 maio de 2022.<\/p>\n\n\n\n<p>\u201cO saldo positivo na gera\u00e7\u00e3o de empregos, especialmente na ind\u00fastria, mostra a import\u00e2ncia do setor para o desenvolvimento socioecon\u00f4mico da regi\u00e3o. Estamos vivenciando um momento de retomada econ\u00f4mica da regi\u00e3o, onde felizmente, recuperamos os nossos postos de trabalho\u201d, disse&nbsp;<strong>Alceir Corr\u00eaa, presidente da Firjan Centro Sul.&nbsp;<\/strong><\/p>\n\n\n\n<p><strong><u>N\u00fameros no estado<\/u><\/strong><\/p>\n\n\n\n<p>O estado do Rio de Janeiro abriu, em maio, 20.226 novos postos de trabalho formais, com todos os grandes setores econ\u00f4micos apresentando saldo positivo. An\u00e1lise feita pela Firjan a partir da plataforma Retratos Regionais aponta que o setor de Servi\u00e7os (+10.093) foi o que mais abriu vagas, seguido de Ind\u00fastria e Constru\u00e7\u00e3o (+7.588), Com\u00e9rcio (+1.555) e Agropecu\u00e1ria (+990).<\/p>\n\n\n\n<p>A federa\u00e7\u00e3o ressalta que, na an\u00e1lise municipal, 72 das 92 cidades fluminenses registraram saldo positivo em maio, com destaque para Capital (+7,3 mil), Campos dos Goytacazes (+1,9 mil), Itaperuna (+1,6 mil), Duque de Caxias (+1,5 mil) e Nova Igua\u00e7u (+1,2 mil). Em contrapartida, Rio das Flores (-173) e Itabora\u00ed (-157) foram os munic\u00edpios fluminenses que fecharam mais vagas no m\u00eas.<\/p>\n\n\n\n<p>De janeiro a maio, o estado do Rio acumula saldo positivo de 77.648 novos postos de trabalho formais. O setor de Servi\u00e7os (+58.456) foi o que criou mais vagas no per\u00edodo, impulsionado pelas contrata\u00e7\u00f5es de in\u00edcio de ano, em especial no segmento da Educa\u00e7\u00e3o.<\/p>\n\n\n\n<p>&nbsp;A Ind\u00fastria e Constru\u00e7\u00e3o registrou 29.487 novas vagas no acumulado do ano, com destaque para a constru\u00e7\u00e3o (+17.929) que nos cinco primeiros meses j\u00e1 acumula saldo superior ao observado em todo o ano de 2021 (+14.179). A Agropecu\u00e1ria abriu 1.514 novos postos de trabalho em 2022. Por outro lado, o Com\u00e9rcio (-11.809) acumula saldo negativo de janeiro a maio, em parte influenciado pelo fechamento das vagas tempor\u00e1rias de fim de ano.<\/p>\n\n\n\n<p>J\u00e1 a an\u00e1lise municipal aponta que 77 das 92 cidades fluminenses apresentaram saldo positivo de janeiro a maio, com destaque para Capital (+38,7 mil), Niter\u00f3i (+4,0 mil), Maca\u00e9 (+3,2 mil), Duque de Caxias (+3,1 mil) e Campos dos Goytacazes (+3,0 mil). Os munic\u00edpios que mais fecharam postos de trabalho no ano foram Mag\u00e9 (-388) e Itatiaia (-291).<\/p>\n","protected":false},"excerpt":{"rendered":"<p>A an\u00e1lise feita pela&nbsp;Firjan, a partir da plataforma&nbsp;Retratos Regionais, revela que&nbsp;o setor da ind\u00fastria foi<\/p>\n","protected":false},"author":2,"featured_media":39074,"comment_status":"open","ping_status":"open","sticky":false,"template":"","format":"standard","meta":{"footnotes":""},"categories":[17],"tags":[],"class_list":["post-39070","post","type-post","status-publish","format-standard","has-post-thumbnail","hentry","category-outras-noticias"],"_links":{"self":[{"href":"https:\/\/tvc16.com\/portal\/wp-json\/wp\/v2\/posts\/39070","targetHints":{"allow":["GET"]}}],"collection":[{"href":"https:\/\/tvc16.com\/portal\/wp-json\/wp\/v2\/posts"}],"about":[{"href":"https:\/\/tvc16.com\/portal\/wp-json\/wp\/v2\/types\/post"}],"author":[{"embeddable":true,"href":"https:\/\/tvc16.com\/portal\/wp-json\/wp\/v2\/users\/2"}],"replies":[{"embeddable":true,"href":"https:\/\/tvc16.com\/portal\/wp-json\/wp\/v2\/comments?post=39070"}],"version-history":[{"count":1,"href":"https:\/\/tvc16.com\/portal\/wp-json\/wp\/v2\/posts\/39070\/revisions"}],"predecessor-version":[{"id":39071,"href":"https:\/\/tvc16.com\/portal\/wp-json\/wp\/v2\/posts\/39070\/revisions\/39071"}],"wp:featuredmedia":[{"embeddable":true,"href":"https:\/\/tvc16.com\/portal\/wp-json\/wp\/v2\/media\/39074"}],"wp:attachment":[{"href":"https:\/\/tvc16.com\/portal\/wp-json\/wp\/v2\/media?parent=39070"}],"wp:term":[{"taxonomy":"category","embeddable":true,"href":"https:\/\/tvc16.com\/portal\/wp-json\/wp\/v2\/categories?post=39070"},{"taxonomy":"post_tag","embeddable":true,"href":"https:\/\/tvc16.com\/portal\/wp-json\/wp\/v2\/tags?post=39070"}],"curies":[{"name":"wp","href":"https:\/\/api.w.org\/{rel}","templated":true}]}}